{"id":1889,"date":"2023-11-27T17:13:03","date_gmt":"2023-11-27T17:13:03","guid":{"rendered":"https:\/\/infogandia.es\/?p=1889"},"modified":"2023-11-27T17:13:03","modified_gmt":"2023-11-27T17:13:03","slug":"accidente-en-la-ap-7-a-la-altura-de-la-font-dencarros","status":"publish","type":"post","link":"https:\/\/infogandia.es\/index.php\/2023\/11\/27\/accidente-en-la-ap-7-a-la-altura-de-la-font-dencarros\/","title":{"rendered":"Accidente en la AP-7 a la altura de la Font d&#8217;Encarr\u00f2s"},"content":{"rendered":"\n<p>Se trata de un accidente de tr\u00e1fico en la autopista AP-7 a su paso por el t\u00e9rmino municipal de La Font d&#8217;en Carr\u00f2s donde una persona ha resultado herida.<\/p>\n\n\n\n<p>El choque entre un veh\u00edculo y una furgoneta a las 07.38 horas ha motivado la movilizaci\u00f3n de los efectivos de Bomberos para proceder a excarcelar al atrapado dado que el coche ha dado una vuelta de campana y se ha quedado bocabajo.<\/p>\n\n\n\n<p>Hasta el lugar han acudido efectivos del Consorcio Provincial de Bomberos de Val\u00e8ncia adscritos a os parques de Gandia y de Oliva as\u00ed como un sargento de Gandia quienes han procedido a extraer a la persona del interior del coche para que pudiera ser atendida por los efectivos del SAMU que hab\u00edan sido desplazados&nbsp;al&nbsp;lugar.<\/p>\n\n\n\n<figure class=\"wp-block-image size-large\"><img fetchpriority=\"high\" decoding=\"async\" width=\"1024\" height=\"768\" src=\"https:\/\/infogandia.es\/wp-content\/uploads\/2023\/11\/Imagen-de-WhatsApp-2023-11-27-a-las-10.21.22_6a2fc0db-1024x768.jpg\" alt=\"\" class=\"wp-image-1891\" srcset=\"https:\/\/infogandia.es\/wp-content\/uploads\/2023\/11\/Imagen-de-WhatsApp-2023-11-27-a-las-10.21.22_6a2fc0db-1024x768.jpg 1024w, https:\/\/infogandia.es\/wp-content\/uploads\/2023\/11\/Imagen-de-WhatsApp-2023-11-27-a-las-10.21.22_6a2fc0db-300x225.jpg 300w, https:\/\/infogandia.es\/wp-content\/uploads\/2023\/11\/Imagen-de-WhatsApp-2023-11-27-a-las-10.21.22_6a2fc0db-768x576.jpg 768w, https:\/\/infogandia.es\/wp-content\/uploads\/2023\/11\/Imagen-de-WhatsApp-2023-11-27-a-las-10.21.22_6a2fc0db-1536x1152.jpg 1536w, https:\/\/infogandia.es\/wp-content\/uploads\/2023\/11\/Imagen-de-WhatsApp-2023-11-27-a-las-10.21.22_6a2fc0db.jpg 1600w\" sizes=\"(max-width: 1024px) 100vw, 1024px\" \/><\/figure>\n","protected":false},"excerpt":{"rendered":"<p>Accidente en la AP-7 a la altura de la Font d&#8217;Encarr\u00f2s.<\/p>\n","protected":false},"author":1,"featured_media":1890,"comment_status":"open","ping_status":"open","sticky":false,"template":"","format":"standard","meta":{"footnotes":""},"categories":[1,27],"tags":[],"class_list":["post-1889","post","type-post","status-publish","format-standard","has-post-thumbnail","hentry","category-actualidad","category-sociedad"],"_links":{"self":[{"href":"https:\/\/infogandia.es\/index.php\/wp-json\/wp\/v2\/posts\/1889","targetHints":{"allow":["GET"]}}],"collection":[{"href":"https:\/\/infogandia.es\/index.php\/wp-json\/wp\/v2\/posts"}],"about":[{"href":"https:\/\/infogandia.es\/index.php\/wp-json\/wp\/v2\/types\/post"}],"author":[{"embeddable":true,"href":"https:\/\/infogandia.es\/index.php\/wp-json\/wp\/v2\/users\/1"}],"replies":[{"embeddable":true,"href":"https:\/\/infogandia.es\/index.php\/wp-json\/wp\/v2\/comments?post=1889"}],"version-history":[{"count":1,"href":"https:\/\/infogandia.es\/index.php\/wp-json\/wp\/v2\/posts\/1889\/revisions"}],"predecessor-version":[{"id":1892,"href":"https:\/\/infogandia.es\/index.php\/wp-json\/wp\/v2\/posts\/1889\/revisions\/1892"}],"wp:featuredmedia":[{"embeddable":true,"href":"https:\/\/infogandia.es\/index.php\/wp-json\/wp\/v2\/media\/1890"}],"wp:attachment":[{"href":"https:\/\/infogandia.es\/index.php\/wp-json\/wp\/v2\/media?parent=1889"}],"wp:term":[{"taxonomy":"category","embeddable":true,"href":"https:\/\/infogandia.es\/index.php\/wp-json\/wp\/v2\/categories?post=1889"},{"taxonomy":"post_tag","embeddable":true,"href":"https:\/\/infogandia.es\/index.php\/wp-json\/wp\/v2\/tags?post=1889"}],"curies":[{"name":"wp","href":"https:\/\/api.w.org\/{rel}","templated":true}]}}