{"id":1896,"date":"2023-11-27T17:14:35","date_gmt":"2023-11-27T17:14:35","guid":{"rendered":"https:\/\/infogandia.es\/?p=1896"},"modified":"2023-11-27T17:14:36","modified_gmt":"2023-11-27T17:14:36","slug":"colectivos-musulmanes-piden-una-parcela-para-enterramientos-en-gandia","status":"publish","type":"post","link":"https:\/\/infogandia.es\/index.php\/2023\/11\/27\/colectivos-musulmanes-piden-una-parcela-para-enterramientos-en-gandia\/","title":{"rendered":"Colectivos musulmanes piden una parcela para enterramientos en Gandia"},"content":{"rendered":"\n<p>Colectivos musulmanes piden una parcela para enterramientos en Gandia. La demanda de cementerios musulmanes es creciente, y Gandia, que tiene una notable poblaci\u00f3n desde hace m\u00e1s de 20 a\u00f1os procedente de pa\u00edses como Marruecos, Argelia o Pakist\u00e1n, no es ajena a ello. Hace siete a\u00f1os la comunidad de pakistan\u00edes cre\u00f3 una asociaci\u00f3n con el fin de ofrecerse apoyo mutuo en caso de defunciones para los residentes en Gandia o en la comarca, como una especie de seguro de decesos.<br><br>El secretario de esta entidad, Jamal Uppal, que se encarga de estas gestiones cuando fallece alg\u00fan compatriota, reclama que el ayuntamiento habilite un terreno en el cementerio municipal, l\u00f3gicamente con una separaci\u00f3n del cristiano, o conceda licencia a la entidad para promover un recinto para enterramientos bajo el rito y las costumbres musulmanas.<br><br>En la legislatura pasada volvi\u00f3 a insistir sobre este asunto, pero de momento no ha visto cumplidos sus objetivos. En los \u00faltimos a\u00f1os tambi\u00e9n han llegado al ayuntamiento peticiones en este sentido a trav\u00e9s de ciudadanos de forma independiente, por escrito, y de otros representantes de la comunidad isl\u00e1mica.<\/p>\n\n\n\n<figure class=\"wp-block-image size-large\"><img fetchpriority=\"high\" decoding=\"async\" width=\"1024\" height=\"576\" src=\"https:\/\/infogandia.es\/wp-content\/uploads\/2023\/11\/Imagen-de-WhatsApp-2023-11-27-a-las-16.04.49_314122c1-1024x576.jpg\" alt=\"\" class=\"wp-image-1898\" srcset=\"https:\/\/infogandia.es\/wp-content\/uploads\/2023\/11\/Imagen-de-WhatsApp-2023-11-27-a-las-16.04.49_314122c1-1024x576.jpg 1024w, https:\/\/infogandia.es\/wp-content\/uploads\/2023\/11\/Imagen-de-WhatsApp-2023-11-27-a-las-16.04.49_314122c1-300x169.jpg 300w, https:\/\/infogandia.es\/wp-content\/uploads\/2023\/11\/Imagen-de-WhatsApp-2023-11-27-a-las-16.04.49_314122c1-768x432.jpg 768w, https:\/\/infogandia.es\/wp-content\/uploads\/2023\/11\/Imagen-de-WhatsApp-2023-11-27-a-las-16.04.49_314122c1-1536x864.jpg 1536w, https:\/\/infogandia.es\/wp-content\/uploads\/2023\/11\/Imagen-de-WhatsApp-2023-11-27-a-las-16.04.49_314122c1.jpg 1600w\" sizes=\"(max-width: 1024px) 100vw, 1024px\" \/><\/figure>\n\n\n\n<p>El cementerio musulm\u00e1n m\u00e1s cercano es privado y est\u00e1 en Chiva. Se llama Alsalam&nbsp;y fue inaugurado en julio de 2020. Ocupa una superficie de 10.000 metros m2 de terreno. En Gandia tampoco hay tanatorios privados adaptados a los ritos musulmanes. Por otra parte, hay cuatro mezquitas, pero los imanes s\u00f3lo se encargan de la ceremonia funeral.<\/p>\n\n\n\n<p>Desde el Gobierno de Gandia el concejal de Cementerios, Jes\u00fas Naveiro, reconoce que es una asignatura pendiente. \u00abYo mismo he participado en reuniones de trabajo para explorar esa posibilidad\u00bb, se\u00f1ala. Naveiro considera que hay que dar soluci\u00f3n a esa necesidad, \u00absiempre desde el m\u00e1ximo respeto a todas las creencias religiosas y sensibilidades. Son ciudadanos que han elegido a Gandia para desarrollar su proyecto vital, cuentan con un importante arraigo y forman parte indispensable de nuestra comunidad. Con respecto a la ubicaci\u00f3n, es un aspecto que se est\u00e1 estudiando y debe analizarse en profundidad, ya que deben respetarse los espacios de las diferentes religiones\u00bb. La iniciativa tambi\u00e9n podr\u00eda extenderse a otras confesiones,&nbsp;como&nbsp;la&nbsp;jud\u00eda.<\/p>\n","protected":false},"excerpt":{"rendered":"<p>Colectivos musulmanes piden una parcela para enterramientos en Gandia. <\/p>\n","protected":false},"author":1,"featured_media":1897,"comment_status":"open","ping_status":"open","sticky":false,"template":"","format":"standard","meta":{"footnotes":""},"categories":[1],"tags":[],"class_list":["post-1896","post","type-post","status-publish","format-standard","has-post-thumbnail","hentry","category-actualidad"],"_links":{"self":[{"href":"https:\/\/infogandia.es\/index.php\/wp-json\/wp\/v2\/posts\/1896","targetHints":{"allow":["GET"]}}],"collection":[{"href":"https:\/\/infogandia.es\/index.php\/wp-json\/wp\/v2\/posts"}],"about":[{"href":"https:\/\/infogandia.es\/index.php\/wp-json\/wp\/v2\/types\/post"}],"author":[{"embeddable":true,"href":"https:\/\/infogandia.es\/index.php\/wp-json\/wp\/v2\/users\/1"}],"replies":[{"embeddable":true,"href":"https:\/\/infogandia.es\/index.php\/wp-json\/wp\/v2\/comments?post=1896"}],"version-history":[{"count":1,"href":"https:\/\/infogandia.es\/index.php\/wp-json\/wp\/v2\/posts\/1896\/revisions"}],"predecessor-version":[{"id":1899,"href":"https:\/\/infogandia.es\/index.php\/wp-json\/wp\/v2\/posts\/1896\/revisions\/1899"}],"wp:featuredmedia":[{"embeddable":true,"href":"https:\/\/infogandia.es\/index.php\/wp-json\/wp\/v2\/media\/1897"}],"wp:attachment":[{"href":"https:\/\/infogandia.es\/index.php\/wp-json\/wp\/v2\/media?parent=1896"}],"wp:term":[{"taxonomy":"category","embeddable":true,"href":"https:\/\/infogandia.es\/index.php\/wp-json\/wp\/v2\/categories?post=1896"},{"taxonomy":"post_tag","embeddable":true,"href":"https:\/\/infogandia.es\/index.php\/wp-json\/wp\/v2\/tags?post=1896"}],"curies":[{"name":"wp","href":"https:\/\/api.w.org\/{rel}","templated":true}]}}