{"id":1900,"date":"2023-11-27T17:15:10","date_gmt":"2023-11-27T17:15:10","guid":{"rendered":"https:\/\/infogandia.es\/?p=1900"},"modified":"2023-11-27T17:15:10","modified_gmt":"2023-11-27T17:15:10","slug":"el-ayuntamiento-y-radio-taxi-gandia-acuerdan-ampliar-la-oferta-disponible","status":"publish","type":"post","link":"https:\/\/infogandia.es\/index.php\/2023\/11\/27\/el-ayuntamiento-y-radio-taxi-gandia-acuerdan-ampliar-la-oferta-disponible\/","title":{"rendered":"El Ayuntamiento y Radio Taxi Gandia acuerdan ampliar la oferta disponible"},"content":{"rendered":"\n<p>El concejal delegado de Movilidad, Tr\u00e1fico y Transporte P\u00fablico, Vicent Mascarell y el presidente de la Asociaci\u00f3n de Taxistas de Gandia y de la cooperativa Radio Taxi Gandia, Jes\u00fas Mart\u00ednez, presentaron hoy el acuerdo alcanzado por la principal operadora de taxis del municipio y del Ayuntamiento.<\/p>\n\n\n\n<p>Finalizada la reuni\u00f3n, tanto el concejal como el presidente de la Asociaci\u00f3n han mantenido un encuentro con el alcalde, Jos\u00e9 Manuel Prieto en el que han ultimado los detalles de la iniciativa.<\/p>\n\n\n\n<p>El pacto engloba varios aspectos. Por un lado, el Gobierno local ampliar\u00e1 la oferta de taxis que operan actualmente en la ciudad. De esta forma, en 2024, los 27 veh\u00edculos con licencia que existen en la actualidad en el municipio pasar\u00e1n a ser 34, ya que se a\u00f1adir\u00e1n 7 coches nuevos a la oferta. Entre ellos, habr\u00e1 5 modelos adaptados que se sumar\u00e1n al \u00fanico que ya existe hoy.<br>Por otra parte, a partir del 1 de junio y hasta el 30 de septiembre, es decir, durante la temporada alta, la ciudad doblar\u00e1 el servicio con 25 veh\u00edculos m\u00e1s, que se sumar\u00e1n a los 34 anteriores. En total, durante el verano habr\u00e1 59 taxis disponibles.<\/p>\n\n\n\n<p>As\u00ed pues, 3 taxis de Tavernes, 7 de Oliva y 14 del resto de la comarca operar\u00e1n en la capital de la Safor para asegurar un mejor servicio y evitar que los turistas tengan problemas a la hora de desplazarse.<\/p>\n\n\n\n<p>Mart\u00ednez ha destacado que esto ser\u00e1 posible gracias a una prestaci\u00f3n conjunta controlada, mediante la cual los taxis de las localidades escogidas tendr\u00e1n permiso para viajar hasta Gand\u00eda y viceversa. Cabe a\u00f1adir que esta medida tambi\u00e9n se llevar\u00e1 a cabo en otras fechas puntuales como las fiestas de Navidad, Semana Santa, Fallas o Fira i Festes.<\/p>\n\n\n\n<p>Por su parte, el concejal explic\u00f3 que las dos vertientes del pacto est\u00e1n supeditadas tanto a la aprobaci\u00f3n de la Conselleria como a la de los municipios de la comarca. Sin embargo, afirm\u00f3 que est\u00e1 convencido de que &#8220;ambas partes ver\u00e1n con muy buenos ojos el acuerdo&#8221;. Tambi\u00e9n ha aprovechado para comentar que este pacto no s\u00f3lo resolver\u00e1 gran parte de los problemas de oferta y demanda que el sector tiene en estos momentos, sino que, adem\u00e1s, &#8220;permitir\u00e1 crear un nicho de mercado y ampliar el empleo&#8221;, Ayuntamiento aumentar\u00e1 el n\u00famero de ex\u00e1menes de licencias para taxistas.<\/p>\n\n\n\n<p>Adem\u00e1s, el presidente de Radio Taxi Gandia ha se\u00f1alado que &#8220;el incremento de turismo nacional y extranjero despu\u00e9s de la pandemia ha sido uno de los motivos principales por los que se ha buscado llegar a este acuerdo&#8221; y que los trabajadores de su cooperativa son los primeros que buscan &#8220;llevar a cabo este trato justo&nbsp;y&nbsp;necesario&#8221;.<\/p>\n","protected":false},"excerpt":{"rendered":"<p>El Ayuntamiento y Radio Taxi Gandia acuerdan ampliar la oferta disponible.<\/p>\n","protected":false},"author":1,"featured_media":1901,"comment_status":"open","ping_status":"open","sticky":false,"template":"","format":"standard","meta":{"footnotes":""},"categories":[1],"tags":[],"class_list":["post-1900","post","type-post","status-publish","format-standard","has-post-thumbnail","hentry","category-actualidad"],"_links":{"self":[{"href":"https:\/\/infogandia.es\/index.php\/wp-json\/wp\/v2\/posts\/1900","targetHints":{"allow":["GET"]}}],"collection":[{"href":"https:\/\/infogandia.es\/index.php\/wp-json\/wp\/v2\/posts"}],"about":[{"href":"https:\/\/infogandia.es\/index.php\/wp-json\/wp\/v2\/types\/post"}],"author":[{"embeddable":true,"href":"https:\/\/infogandia.es\/index.php\/wp-json\/wp\/v2\/users\/1"}],"replies":[{"embeddable":true,"href":"https:\/\/infogandia.es\/index.php\/wp-json\/wp\/v2\/comments?post=1900"}],"version-history":[{"count":1,"href":"https:\/\/infogandia.es\/index.php\/wp-json\/wp\/v2\/posts\/1900\/revisions"}],"predecessor-version":[{"id":1902,"href":"https:\/\/infogandia.es\/index.php\/wp-json\/wp\/v2\/posts\/1900\/revisions\/1902"}],"wp:featuredmedia":[{"embeddable":true,"href":"https:\/\/infogandia.es\/index.php\/wp-json\/wp\/v2\/media\/1901"}],"wp:attachment":[{"href":"https:\/\/infogandia.es\/index.php\/wp-json\/wp\/v2\/media?parent=1900"}],"wp:term":[{"taxonomy":"category","embeddable":true,"href":"https:\/\/infogandia.es\/index.php\/wp-json\/wp\/v2\/categories?post=1900"},{"taxonomy":"post_tag","embeddable":true,"href":"https:\/\/infogandia.es\/index.php\/wp-json\/wp\/v2\/tags?post=1900"}],"curies":[{"name":"wp","href":"https:\/\/api.w.org\/{rel}","templated":true}]}}