{"id":1906,"date":"2023-11-27T17:16:16","date_gmt":"2023-11-27T17:16:16","guid":{"rendered":"https:\/\/infogandia.es\/?p=1906"},"modified":"2023-11-27T17:16:16","modified_gmt":"2023-11-27T17:16:16","slug":"el-pp-de-gandia-pide-a-prieto-lealtad-institucional","status":"publish","type":"post","link":"https:\/\/infogandia.es\/index.php\/2023\/11\/27\/el-pp-de-gandia-pide-a-prieto-lealtad-institucional\/","title":{"rendered":"El PP de Gandia pide a Prieto lealtad institucional"},"content":{"rendered":"\n<p>El Partido Popular en Gandia, a trav\u00e9s de su portavoz municipal Guillermo Narber ha querido dar a conocer su &#8221;m\u00e1s fiel compromiso ante la sociedad gandiense para reivindicar todas aquellas inversiones, a todos los niveles ,que sean beneficiosas para nuestra ciudad&#8221;.<\/p>\n\n\n\n<p>As\u00ed las cosas, en una comparecencia ante los medios de comunicaci\u00f3n el propio Barber ha recordado que, a los pocos d\u00edas de su nombramiento, el President de la Generalitat Valenciana, Carlos Maz\u00f3n, visit\u00f3 Gandia &#8221;para corroborar los compromisos que hab\u00eda adquirido en la campa\u00f1a electoral, temas tan vitales para la ciudad como la CV 60; la conexi\u00f3n v\u00eda f\u00e9rrea Gandia-Oliva-D\u00e9nia; la apertura 24 horas del Centro de Salud del Grau; la del Espacio Sociosanitario de Ro\u00eds de Corella; o la restauraci\u00f3n y apertura del antiguo edificio de Correos&#8221;.<\/p>\n\n\n\n<p>Para Barber Fuster, las relaciones entre Gandia y el Gobierno de la Generalitat Valenciana &#8221;han de ser fluidas y leales, as\u00ed lo puso de manifiesto Carlos Maz\u00f3n en su visita a nuestra ciudad, espero sinceramente que contin\u00faen si\u00e9ndolo y que el alcalde Prieto muestre la lealtad institucional necesaria, que sea tambi\u00e9n reivindicativo a nivel nacional y no solo al auton\u00f3mico. Iremos de la mano del gobierno a la hora de solicitar inversiones en nuestra ciudad, pero no solo ante la Generalitat sino tambi\u00e9n ante el Estado&nbsp;Espa\u00f1ol&#8221;<\/p>\n","protected":false},"excerpt":{"rendered":"<p>Ell PP de Gandia pide a Prieto lealtad institucional.<\/p>\n","protected":false},"author":1,"featured_media":1907,"comment_status":"open","ping_status":"open","sticky":false,"template":"","format":"standard","meta":{"footnotes":""},"categories":[1,3],"tags":[],"class_list":["post-1906","post","type-post","status-publish","format-standard","has-post-thumbnail","hentry","category-actualidad","category-politica"],"_links":{"self":[{"href":"https:\/\/infogandia.es\/index.php\/wp-json\/wp\/v2\/posts\/1906","targetHints":{"allow":["GET"]}}],"collection":[{"href":"https:\/\/infogandia.es\/index.php\/wp-json\/wp\/v2\/posts"}],"about":[{"href":"https:\/\/infogandia.es\/index.php\/wp-json\/wp\/v2\/types\/post"}],"author":[{"embeddable":true,"href":"https:\/\/infogandia.es\/index.php\/wp-json\/wp\/v2\/users\/1"}],"replies":[{"embeddable":true,"href":"https:\/\/infogandia.es\/index.php\/wp-json\/wp\/v2\/comments?post=1906"}],"version-history":[{"count":1,"href":"https:\/\/infogandia.es\/index.php\/wp-json\/wp\/v2\/posts\/1906\/revisions"}],"predecessor-version":[{"id":1908,"href":"https:\/\/infogandia.es\/index.php\/wp-json\/wp\/v2\/posts\/1906\/revisions\/1908"}],"wp:featuredmedia":[{"embeddable":true,"href":"https:\/\/infogandia.es\/index.php\/wp-json\/wp\/v2\/media\/1907"}],"wp:attachment":[{"href":"https:\/\/infogandia.es\/index.php\/wp-json\/wp\/v2\/media?parent=1906"}],"wp:term":[{"taxonomy":"category","embeddable":true,"href":"https:\/\/infogandia.es\/index.php\/wp-json\/wp\/v2\/categories?post=1906"},{"taxonomy":"post_tag","embeddable":true,"href":"https:\/\/infogandia.es\/index.php\/wp-json\/wp\/v2\/tags?post=1906"}],"curies":[{"name":"wp","href":"https:\/\/api.w.org\/{rel}","templated":true}]}}