{"id":1933,"date":"2023-11-28T17:51:58","date_gmt":"2023-11-28T17:51:58","guid":{"rendered":"https:\/\/infogandia.es\/?p=1933"},"modified":"2023-11-28T17:51:58","modified_gmt":"2023-11-28T17:51:58","slug":"los-populares-de-gandia-denuncian-el-estado-de-abandono-del-mirador-del-rio-serpis-y-sus-alrededores","status":"publish","type":"post","link":"https:\/\/infogandia.es\/index.php\/2023\/11\/28\/los-populares-de-gandia-denuncian-el-estado-de-abandono-del-mirador-del-rio-serpis-y-sus-alrededores\/","title":{"rendered":"Los populares de Gandia denuncian el estado de \u00ababandono\u00bb del mirador del r\u00edo Serpis y sus alrededores"},"content":{"rendered":"\n<p>El PP de Gandia ha reclamado al gobierno local (PSPV y Comprom\u00eds) que mantenga en condiciones los alrededores del Mirador del Serpis y \u00abl&#8217;anella verda\u00bb, un espacio muy frecuentado por los gandienses, y que muestra un lamentable aspecto debido a la dejadez y el abandono del gobierno.<br><br>Afirman que hay \u00abinnumerables pintadas, restos de botell\u00f3n, malas hierbas, baldas de madera sueltas, cables de alumbrado p\u00fablico emergiendo del suelo en lugares en que deber\u00eda haber elementos de iluminaci\u00f3n, con el consecuente peligro para las personas, y en general mobiliario urbano en unas condiciones lamentables\u00bb.<\/p>\n\n\n\n<p>Desde el PP han lamentado que la ciudad \u00absigue abandonada y con falta de limpieza y mantenimiento lo que genera diversos problemas\u00bb, como un ambiente poco saludable, aumento de la delincuencia y una mala imagen para los gandienses y nuevos turistas.<\/p>\n\n\n\n<figure class=\"wp-block-gallery has-nested-images columns-default is-cropped wp-block-gallery-1 is-layout-flex wp-block-gallery-is-layout-flex\">\n<figure class=\"wp-block-image size-large\"><img fetchpriority=\"high\" decoding=\"async\" width=\"711\" height=\"841\" data-id=\"1935\" src=\"https:\/\/infogandia.es\/wp-content\/uploads\/2023\/11\/Imagen-de-WhatsApp-2023-11-28-a-las-15.26.39_2057b3fc.jpg\" alt=\"\" class=\"wp-image-1935\" srcset=\"https:\/\/infogandia.es\/wp-content\/uploads\/2023\/11\/Imagen-de-WhatsApp-2023-11-28-a-las-15.26.39_2057b3fc.jpg 711w, https:\/\/infogandia.es\/wp-content\/uploads\/2023\/11\/Imagen-de-WhatsApp-2023-11-28-a-las-15.26.39_2057b3fc-254x300.jpg 254w\" sizes=\"(max-width: 711px) 100vw, 711px\" \/><\/figure>\n\n\n\n<figure class=\"wp-block-image size-large\"><img decoding=\"async\" width=\"1024\" height=\"718\" data-id=\"1936\" src=\"https:\/\/infogandia.es\/wp-content\/uploads\/2023\/11\/Imagen-de-WhatsApp-2023-11-28-a-las-15.26.52_fa0da53a-1024x718.jpg\" alt=\"\" class=\"wp-image-1936\" srcset=\"https:\/\/infogandia.es\/wp-content\/uploads\/2023\/11\/Imagen-de-WhatsApp-2023-11-28-a-las-15.26.52_fa0da53a-1024x718.jpg 1024w, https:\/\/infogandia.es\/wp-content\/uploads\/2023\/11\/Imagen-de-WhatsApp-2023-11-28-a-las-15.26.52_fa0da53a-300x210.jpg 300w, https:\/\/infogandia.es\/wp-content\/uploads\/2023\/11\/Imagen-de-WhatsApp-2023-11-28-a-las-15.26.52_fa0da53a-768x538.jpg 768w, https:\/\/infogandia.es\/wp-content\/uploads\/2023\/11\/Imagen-de-WhatsApp-2023-11-28-a-las-15.26.52_fa0da53a.jpg 1200w\" sizes=\"(max-width: 1024px) 100vw, 1024px\" \/><\/figure>\n<\/figure>\n\n\n\n<p>El portavoz adjunto del PP de Gandia, David Ronda, ha indicado que al \u00abdeplorable estado de conservaci\u00f3n en que se encuentra \u201cl\u2019anella verda\u201d, hay que a\u00f1adir la inquietante proliferaci\u00f3n de roedores y jabal\u00edes en los alrededores de esta zona por lo que pedimos, con urgencia, m\u00e1s inversi\u00f3n en esta parte de Gandia, no solo por est\u00e9tica, sino tambi\u00e9n por seguridad\u00bb.<\/p>\n\n\n\n<p>El edil popular ha a\u00f1adido que ya que el \u00abgobierno saca pecho anunciando inversiones en otros lugares, le pedimos que tambi\u00e9n lo haga, cuanto antes, en \u201cl\u2019anella verda\u201d.<\/p>\n\n\n\n<p>Para el PP, un entorno \u00ablimpio y ordenado mejora la calidad de vida de los ciudadanos, as\u00ed como espacios p\u00fablicos bien mantenidos, calles limpias y parques sin basura brindan un ambiente m\u00e1s agradable para vivir, trabajar y disfrutar. \u00abSi se fomentar\u00e1 m\u00e1s el orgullo c\u00edvico desde el ayuntamiento el cuidado y el respeto por el entorno, se estar\u00eda reforzando la identidad de la ciudad y promoviendo una mayor colaboraci\u00f3n entre los ciudadanos\u00bb, ha finalizado&nbsp;&nbsp;Ronda.<\/p>\n","protected":false},"excerpt":{"rendered":"<p>Los populares de Gandia denuncian el estado de \u00ababandono\u00bb del mirador del r\u00edo Serpis y sus alrededores.<\/p>\n","protected":false},"author":1,"featured_media":1934,"comment_status":"open","ping_status":"open","sticky":false,"template":"","format":"standard","meta":{"footnotes":""},"categories":[1,3,27],"tags":[],"class_list":["post-1933","post","type-post","status-publish","format-standard","has-post-thumbnail","hentry","category-actualidad","category-politica","category-sociedad"],"_links":{"self":[{"href":"https:\/\/infogandia.es\/index.php\/wp-json\/wp\/v2\/posts\/1933","targetHints":{"allow":["GET"]}}],"collection":[{"href":"https:\/\/infogandia.es\/index.php\/wp-json\/wp\/v2\/posts"}],"about":[{"href":"https:\/\/infogandia.es\/index.php\/wp-json\/wp\/v2\/types\/post"}],"author":[{"embeddable":true,"href":"https:\/\/infogandia.es\/index.php\/wp-json\/wp\/v2\/users\/1"}],"replies":[{"embeddable":true,"href":"https:\/\/infogandia.es\/index.php\/wp-json\/wp\/v2\/comments?post=1933"}],"version-history":[{"count":1,"href":"https:\/\/infogandia.es\/index.php\/wp-json\/wp\/v2\/posts\/1933\/revisions"}],"predecessor-version":[{"id":1937,"href":"https:\/\/infogandia.es\/index.php\/wp-json\/wp\/v2\/posts\/1933\/revisions\/1937"}],"wp:featuredmedia":[{"embeddable":true,"href":"https:\/\/infogandia.es\/index.php\/wp-json\/wp\/v2\/media\/1934"}],"wp:attachment":[{"href":"https:\/\/infogandia.es\/index.php\/wp-json\/wp\/v2\/media?parent=1933"}],"wp:term":[{"taxonomy":"category","embeddable":true,"href":"https:\/\/infogandia.es\/index.php\/wp-json\/wp\/v2\/categories?post=1933"},{"taxonomy":"post_tag","embeddable":true,"href":"https:\/\/infogandia.es\/index.php\/wp-json\/wp\/v2\/tags?post=1933"}],"curies":[{"name":"wp","href":"https:\/\/api.w.org\/{rel}","templated":true}]}}