{"id":1938,"date":"2023-11-28T17:52:32","date_gmt":"2023-11-28T17:52:32","guid":{"rendered":"https:\/\/infogandia.es\/?p=1938"},"modified":"2023-11-28T17:52:32","modified_gmt":"2023-11-28T17:52:32","slug":"el-boxeador-ucraniano-oleksandr-usyk-prepara-el-combate-del-siglo-en-gandia","status":"publish","type":"post","link":"https:\/\/infogandia.es\/index.php\/2023\/11\/28\/el-boxeador-ucraniano-oleksandr-usyk-prepara-el-combate-del-siglo-en-gandia\/","title":{"rendered":"El boxeador ucraniano Oleksandr Usyk prepara \u2018el combate del siglo\u2019 en Gandia"},"content":{"rendered":"\n<p>El p\u00fagil ucraniano Oleksandr Usyk est\u00e1 actualmente en Gandia realizando su preparaci\u00f3n para el combate que lo enfrentar\u00e1 a Tyson Fury el pr\u00f3ximo 17 de febrero en Riyadh, Arabia Saud\u00ed. Este enfrentamiento, m\u00e1s que un simple combate, representa un hito hist\u00f3rico en el boxeo de pesos pesados, pues ser\u00e1 la primera vez desde el inicio de la era de los cuatro cinturones en 2004, que se dispute un t\u00edtulo indiscutible en esta categor\u00eda.<\/p>\n\n\n\n<p>El lugar elegido por Usyk para su preparaci\u00f3n es el auditorio Baladre, ubicado en la playa de Gandia. Este espacio se ha convertido en el centro de entrenamiento donde Usyk afina su t\u00e9cnica y estrategia para el esperado combate. La elecci\u00f3n de Gandia no es casualidad, ya que ofrece un entorno ideal para la concentraci\u00f3n y el entrenamiento intensivo requerido para un evento de esta magnitud. La singularidad de este evento reside no solo en la calidad y el prestigio de los dos combatientes, sino tambi\u00e9n en el hecho de que estar\u00e1n en juego los cuatro cinturones de la categor\u00eda, una situaci\u00f3n in\u00e9dita en la historia reciente del boxeo.<\/p>\n\n\n\n<p>Las declaraciones recientes de Fury, menospreciando a Usyk y asegurando que lo noquear\u00eda f\u00e1cilmente, han a\u00f1adido a\u00fan m\u00e1s emoci\u00f3n y expectativa alrededor de esta pelea. El ambiente ya est\u00e1 cargado de tensi\u00f3n y los fan\u00e1ticos del boxeo est\u00e1n ansiosos por ver si Usyk, con su t\u00e9cnica y resistencia, podr\u00e1 superar la fuerza y el tama\u00f1o de Fury.<\/p>\n\n\n\n<p>La llegada de Usyk a Gandia no pas\u00f3 desapercibida. Fue recibido por el alcalde de la ciudad, Jos\u00e9 Manuel Prieto, en una recepci\u00f3n en el Ayuntamiento, marcando as\u00ed el inicio oficial de su preparaci\u00f3n en esta localidad. Este evento subraya la importancia de la presencia de Usyk&nbsp;en&nbsp;la&nbsp;ciudad.<\/p>\n","protected":false},"excerpt":{"rendered":"<p>El boxeador ucraniano Oleksandr Usyk prepara \u2018el combate del siglo\u2019 en Gandia. <\/p>\n","protected":false},"author":1,"featured_media":1939,"comment_status":"open","ping_status":"open","sticky":false,"template":"","format":"standard","meta":{"footnotes":""},"categories":[1,4],"tags":[],"class_list":["post-1938","post","type-post","status-publish","format-standard","has-post-thumbnail","hentry","category-actualidad","category-deporte"],"_links":{"self":[{"href":"https:\/\/infogandia.es\/index.php\/wp-json\/wp\/v2\/posts\/1938","targetHints":{"allow":["GET"]}}],"collection":[{"href":"https:\/\/infogandia.es\/index.php\/wp-json\/wp\/v2\/posts"}],"about":[{"href":"https:\/\/infogandia.es\/index.php\/wp-json\/wp\/v2\/types\/post"}],"author":[{"embeddable":true,"href":"https:\/\/infogandia.es\/index.php\/wp-json\/wp\/v2\/users\/1"}],"replies":[{"embeddable":true,"href":"https:\/\/infogandia.es\/index.php\/wp-json\/wp\/v2\/comments?post=1938"}],"version-history":[{"count":1,"href":"https:\/\/infogandia.es\/index.php\/wp-json\/wp\/v2\/posts\/1938\/revisions"}],"predecessor-version":[{"id":1940,"href":"https:\/\/infogandia.es\/index.php\/wp-json\/wp\/v2\/posts\/1938\/revisions\/1940"}],"wp:featuredmedia":[{"embeddable":true,"href":"https:\/\/infogandia.es\/index.php\/wp-json\/wp\/v2\/media\/1939"}],"wp:attachment":[{"href":"https:\/\/infogandia.es\/index.php\/wp-json\/wp\/v2\/media?parent=1938"}],"wp:term":[{"taxonomy":"category","embeddable":true,"href":"https:\/\/infogandia.es\/index.php\/wp-json\/wp\/v2\/categories?post=1938"},{"taxonomy":"post_tag","embeddable":true,"href":"https:\/\/infogandia.es\/index.php\/wp-json\/wp\/v2\/tags?post=1938"}],"curies":[{"name":"wp","href":"https:\/\/api.w.org\/{rel}","templated":true}]}}