{"id":1952,"date":"2023-11-30T08:01:02","date_gmt":"2023-11-30T08:01:02","guid":{"rendered":"https:\/\/infogandia.es\/?p=1952"},"modified":"2023-11-30T08:01:03","modified_gmt":"2023-11-30T08:01:03","slug":"detenidos-en-gandia-tras-atracar-un-local-de-ocio-a-mano-armada","status":"publish","type":"post","link":"https:\/\/infogandia.es\/index.php\/2023\/11\/30\/detenidos-en-gandia-tras-atracar-un-local-de-ocio-a-mano-armada\/","title":{"rendered":"Detenidos en Gandia tras atracar un local de ocio a mano armada"},"content":{"rendered":"\n<p>Agentes de la Polic\u00eda Nacional adscritos a la Comisar\u00eda de Gandia detuvieron el pasado 14 de noviembre a dos j\u00f3venes de 18 y 29 a\u00f1os, de origen b\u00falgaro y espa\u00f1ol respectivamente, como autores de un delito de robo con violencia e intimidaci\u00f3n con arma blanca tras atracar a punta de cuchillo un establecimiento de ocio en Gandia que tuvo lugar el 7 de noviembre.<br>\u00a0<br>Sobre las doce de la noche cuando agentes que realizaban labores de prevenci\u00f3n de la delincuencia, fueron comisionados por la Sala del 091 para que acudieran a un establecimiento donde al parecer se estaba cometiendo un atraco.<br>\u00a0<br>R\u00e1pidamente los polic\u00edas se desplazaron al lugar, donde averiguaron tras entrevistarse con varias personas, que momentos antes un var\u00f3n hab\u00eda entrado al local exigi\u00e9ndole a una de las trabajadoras \u00a0que le diera todo el dinero de la caja registradora, mientras otro hombre se quedaba fuera en actitud vigilante.<br>\u00a0<br>Al decirle la empleada al atracador que no hab\u00eda dinero, este se puso agresivo y le sac\u00f3 un cuchillo que portaba en la cintura, intimid\u00e1ndola para que abriera la caja, ante lo cual, la mujer le hizo entrega de 20 euros. En ese momento otro cliente conmin\u00f3 al hombre para que abandonara el lugar, saliendo \u00e9ste huyendo en compa\u00f1\u00eda del var\u00f3n que lo esperaba fuera haciendo labores de vigilancia.<br>\u00a0<br>Tras una serie de pesquisas para recabar datos, realizadas por el Grupo de Delitos Violentos de la Brigada de Polic\u00eda Judicial de la Comisar\u00eda de Gandia, se difundieron las caracter\u00edsticas de ambos autores a trav\u00e9s de las fuerzas y cuerpos de seguridad de la comarca, siendo en d\u00edas posteriores identificados y ubicados\u00a0en\u00a0Gandia.<\/p>\n","protected":false},"excerpt":{"rendered":"<p>Detenidos en Gandia tras atracar un local de ocio a mano armada. <\/p>\n","protected":false},"author":1,"featured_media":1953,"comment_status":"open","ping_status":"open","sticky":false,"template":"","format":"standard","meta":{"footnotes":""},"categories":[1,3],"tags":[114],"class_list":["post-1952","post","type-post","status-publish","format-standard","has-post-thumbnail","hentry","category-actualidad","category-politica","tag-detenidos-en-gandia-tras-atracar-un-local-de-ocio-a-mano-armada"],"_links":{"self":[{"href":"https:\/\/infogandia.es\/index.php\/wp-json\/wp\/v2\/posts\/1952","targetHints":{"allow":["GET"]}}],"collection":[{"href":"https:\/\/infogandia.es\/index.php\/wp-json\/wp\/v2\/posts"}],"about":[{"href":"https:\/\/infogandia.es\/index.php\/wp-json\/wp\/v2\/types\/post"}],"author":[{"embeddable":true,"href":"https:\/\/infogandia.es\/index.php\/wp-json\/wp\/v2\/users\/1"}],"replies":[{"embeddable":true,"href":"https:\/\/infogandia.es\/index.php\/wp-json\/wp\/v2\/comments?post=1952"}],"version-history":[{"count":1,"href":"https:\/\/infogandia.es\/index.php\/wp-json\/wp\/v2\/posts\/1952\/revisions"}],"predecessor-version":[{"id":1954,"href":"https:\/\/infogandia.es\/index.php\/wp-json\/wp\/v2\/posts\/1952\/revisions\/1954"}],"wp:featuredmedia":[{"embeddable":true,"href":"https:\/\/infogandia.es\/index.php\/wp-json\/wp\/v2\/media\/1953"}],"wp:attachment":[{"href":"https:\/\/infogandia.es\/index.php\/wp-json\/wp\/v2\/media?parent=1952"}],"wp:term":[{"taxonomy":"category","embeddable":true,"href":"https:\/\/infogandia.es\/index.php\/wp-json\/wp\/v2\/categories?post=1952"},{"taxonomy":"post_tag","embeddable":true,"href":"https:\/\/infogandia.es\/index.php\/wp-json\/wp\/v2\/tags?post=1952"}],"curies":[{"name":"wp","href":"https:\/\/api.w.org\/{rel}","templated":true}]}}