{"id":1962,"date":"2023-11-30T08:02:26","date_gmt":"2023-11-30T08:02:26","guid":{"rendered":"https:\/\/infogandia.es\/?p=1962"},"modified":"2023-11-30T08:02:26","modified_gmt":"2023-11-30T08:02:26","slug":"el-pp-de-gandia-apela-al-dialogo-entre-el-pequeno-comercio-y-el-gobierno-local-ante-la-apertura-de-la-nueva-zona-comercial-en-santa-anna","status":"publish","type":"post","link":"https:\/\/infogandia.es\/index.php\/2023\/11\/30\/el-pp-de-gandia-apela-al-dialogo-entre-el-pequeno-comercio-y-el-gobierno-local-ante-la-apertura-de-la-nueva-zona-comercial-en-santa-anna\/","title":{"rendered":"El PP de Gandia apela al di\u00e1logo entre el peque\u00f1o comercio y el gobierno local ante la apertura de la nueva zona comercial en Santa Anna"},"content":{"rendered":"\n<p>El Partido Popular de Gandia ha pedido al alcalde Jos\u00e9 Manuel Prieto que se re\u00fana con las asociaciones de comerciantes de la ciudad y les explique con detalle el proyecto de creaci\u00f3n de una nueva zona comercial en Santa Anna, consensuando con ellas la apertura de esta nueva zona y detallando los usos de la misma.<\/p>\n\n\n\n<p>Guillermo Barber, portavoz del Partido Popular en el Ayuntamiento de Gandia, se muestra cauteloso ante este anuncio del gobierno de Prieto y le ha pedido al propio al alcalde que \u201cse explique con la m\u00e1xima claridad el proyecto y que se cuente con la participaci\u00f3n de las asociaciones de comerciantes, pormenorizando todos los detalles y caracter\u00edsticas, antes de abrir una nueva zona comercial en el extrarradio de la ciudad. Es necesario asegurar que las nuevas zonas comerciales no tengan un impacto negativo desproporcionado en los peque\u00f1os comercios.\u201d<\/p>\n\n\n\n<p>La Junta de Gobierno aprob\u00f3 este lunes el inicio de los tr\u00e1mites para modificar el Plan General, con el objetivo de habilitar en la entrada norte de Gandia, en la zona de Santa Anna, una nueva \u00e1rea del sector terciario de m\u00e1s de 30.000 cuadrados de nuevo suelo comercial.<\/p>\n\n\n\n<p>Es por ello que el propio Guillermo Barber en nombre del PP ha pedido &#8221;al alcalde Prieto prudencia y dialogo. Hay que ver al detalle los pros y los contras de esta actuaci\u00f3n y contar, por supuesto, con la participaci\u00f3n de las asociaciones de comerciantes de la ciudad, un colectivo que est\u00e1 atravesando momentos de grave dificultad, solo tenemos que dar una vuelta por Gandia para ver la cantidad de locales, que lamentablemente, han tenido que cerrar&nbsp;sus&nbsp;puertas&#8221;.<\/p>\n","protected":false},"excerpt":{"rendered":"<p>El PP de Gandia apela al di\u00e1logo entre el peque\u00f1o comercio y el gobierno local ante la apertura de la nueva zona comercial en Santa Anna. <\/p>\n","protected":false},"author":1,"featured_media":1957,"comment_status":"open","ping_status":"open","sticky":false,"template":"","format":"standard","meta":{"footnotes":""},"categories":[1,6,3],"tags":[],"class_list":["post-1962","post","type-post","status-publish","format-standard","has-post-thumbnail","hentry","category-actualidad","category-economia","category-politica"],"_links":{"self":[{"href":"https:\/\/infogandia.es\/index.php\/wp-json\/wp\/v2\/posts\/1962","targetHints":{"allow":["GET"]}}],"collection":[{"href":"https:\/\/infogandia.es\/index.php\/wp-json\/wp\/v2\/posts"}],"about":[{"href":"https:\/\/infogandia.es\/index.php\/wp-json\/wp\/v2\/types\/post"}],"author":[{"embeddable":true,"href":"https:\/\/infogandia.es\/index.php\/wp-json\/wp\/v2\/users\/1"}],"replies":[{"embeddable":true,"href":"https:\/\/infogandia.es\/index.php\/wp-json\/wp\/v2\/comments?post=1962"}],"version-history":[{"count":1,"href":"https:\/\/infogandia.es\/index.php\/wp-json\/wp\/v2\/posts\/1962\/revisions"}],"predecessor-version":[{"id":1963,"href":"https:\/\/infogandia.es\/index.php\/wp-json\/wp\/v2\/posts\/1962\/revisions\/1963"}],"wp:featuredmedia":[{"embeddable":true,"href":"https:\/\/infogandia.es\/index.php\/wp-json\/wp\/v2\/media\/1957"}],"wp:attachment":[{"href":"https:\/\/infogandia.es\/index.php\/wp-json\/wp\/v2\/media?parent=1962"}],"wp:term":[{"taxonomy":"category","embeddable":true,"href":"https:\/\/infogandia.es\/index.php\/wp-json\/wp\/v2\/categories?post=1962"},{"taxonomy":"post_tag","embeddable":true,"href":"https:\/\/infogandia.es\/index.php\/wp-json\/wp\/v2\/tags?post=1962"}],"curies":[{"name":"wp","href":"https:\/\/api.w.org\/{rel}","templated":true}]}}