{"id":1966,"date":"2023-11-30T08:05:06","date_gmt":"2023-11-30T08:05:06","guid":{"rendered":"https:\/\/infogandia.es\/?p=1966"},"modified":"2023-11-30T08:05:07","modified_gmt":"2023-11-30T08:05:07","slug":"gandia-anuncia-un-refuerzo-de-personal-y-recursos-para-el-cuerpo-policial-en-el-dia-de-la-policia-local","status":"publish","type":"post","link":"https:\/\/infogandia.es\/index.php\/2023\/11\/30\/gandia-anuncia-un-refuerzo-de-personal-y-recursos-para-el-cuerpo-policial-en-el-dia-de-la-policia-local\/","title":{"rendered":"Gandia anuncia un refuerzo de personal y recursos para el cuerpo policial en el D\u00eda de la Polic\u00eda Local"},"content":{"rendered":"\n<p>La plaza Mayor ha acogido este mediod\u00eda la Fiesta de la Polic\u00eda de la Polic\u00eda Local de Gandia, un acto donde se han premiado y reconocido distintos efectivos del cuerpo policial por su labor, y que estuvo presidido por el alcalde de Gandia, Jos\u00e9 Manuel Prieto.<\/p>\n\n\n\n<p>El acto cont\u00f3 con la asistencia del Secretario Auton\u00f3mico de Seguridad y Emergencias, \u00c1ngel Javier Hern\u00e1ndez; la concejala delegada de Seguridad, Lydia Morant; y una amplia representaci\u00f3n de la Corporaci\u00f3n Municipal, miembros de colectivos sociales y empresariales de la ciudad, as\u00ed como representantes del Cuerpo de Bomberos, Protecci\u00f3n Civil, Polic\u00eda Auton\u00f3mica, Polic\u00eda Nacional y la Guardia Civil.<\/p>\n\n\n\n<p>El comisario Jefe Principal de la Polic\u00eda Local, Jos\u00e9 Mart\u00ednez Espasa ha informado en su intervenci\u00f3n que en 2023 la Polic\u00eda Local de Gandia realiz\u00f3 cerca de 6.000 servicios, de los que casi 2.000 son de polic\u00eda asistencial y humanitaria. &#8220;Un 33,8% de las actuaciones son para ayudar a las personas que nos necesitan en Gandia. Por tanto, personas mayores o ni\u00f1os desorientados o perdidos, ca\u00eddas de personas y situaciones similares han sido apoyadas por la Polic\u00eda Local&#8221; ha afirmado el Comisario quien ha incidido en la importancia de seguir avanzando en la formaci\u00f3n de los agentes y en programas como el Agente Tutor para evitar el acoso escolar; las actividades para concienciar a la poblaci\u00f3n desde edades tempranas sobre la violencia de g\u00e9nero o los puntos violeta en todas las celebraciones festivas.<\/p>\n\n\n\n<p>Espasa tambi\u00e9n tuvo palabras de agradecimiento a la Polic\u00eda Nacional por la m\u00e1xima coordinaci\u00f3n y colaboraci\u00f3n y agradeci\u00f3 al m\u00e1ximo representante, al Comisario Carlos Holgado, su disposici\u00f3n permanente para mejorar el servicio que se presta. Un agradecimiento que ha hecho extensivo a la Guardia Civil, la Unidad Adscrita de la Polic\u00eda Nacional de la Comunidad Valenciana as\u00ed como a varias personas que, con su colaboraci\u00f3n y trabajo, posibilitan el d\u00eda a d\u00eda de la Polic\u00eda Local.<\/p>\n\n\n\n<p>Por \u00faltimo, el Comisario ha afirmado que &#8220;no podemos perder la humanidad, no podemos perder la integridad no ayudante. Pretender dar servicio s\u00f3lo de sanci\u00f3n, de respuesta reactiva no es leg\u00edtimo, no es lo que la gente exige de nosotros, y no iremos por este camino. Perdemos la confianza de la ciudadan\u00eda. Los valores que tenemos en la Polic\u00eda Local de Gandia son irrenunciables: proximidad, prevenci\u00f3n, inclusi\u00f3n. Esta es la Polic\u00eda Local que queremos, \u00e9sta es la Gandia que queremos&#8221;.<\/p>\n\n\n\n<p>Por su parte, Lydia Morant destac\u00f3 el papel que desempe\u00f1an los agentes. &#8220;En estos cinco meses he podido ver en primera persona que nuestra polic\u00eda local lleva a cabo muchas tareas que no se aprecian, asumiendo con responsabilidad, profesionalismo y empat\u00eda los desaf\u00edos que se plantean&#8221;.<br>&#8220;El modelo de Polic\u00eda que queremos para Gandia es una polic\u00eda cercana, presente en cada barrio, referente para sus ciudadanos. Una polic\u00eda que conoce cada zona de la ciudad y que da respuesta a las necesidades de seguridad de todos. Y por hacer posible esto hay que reforzarla, aumentar el n\u00famero de agentes y priorizar la presencia en la calle&#8221; declar\u00f3 la concejala, que record\u00f3 que por ello, la polic\u00eda de proximidad empezar\u00e1 a ser una realidad tambi\u00e9n por las tardes para dar un servicio m\u00e1s cercano y eficaz.<\/p>\n\n\n\n<p>Morant ha puesto en valor la tarea que se realiza a diario que permite el desarrollo de todo tipo de eventos y ha querido agradecer el trabajo de todos los integrantes del cuerpo policial gandiense y la estrecha colaboraci\u00f3n que prestan las Fuerzas y los Cuerpos de Seguridad del Estado siempre que se les solicite as\u00ed como Protecci\u00f3n Civil, Bomberos y Cruz Roja. &#8220;Esta dedicaci\u00f3n y esa colaboraci\u00f3n hace que Gandia sea una ciudad segura&#8221;.<br>&#8220;Seguimos trabajando para que los ciudadanos est\u00e9n orgullosos de esta Polic\u00eda Local&#8221;.<\/p>\n\n\n\n<p>Para finalizar el acto, el alcalde de Gand\u00eda, Jos\u00e9 Manuel Prieto, ha afirmado en su discurso que la Polic\u00eda Local &#8220;crece, evoluciona y asume los retos que pide una sociedad en cambio y evoluci\u00f3n continuo. Una sociedad que valora la vuestra profesionalidad, su vocaci\u00f3n de servicio p\u00fablico, la dedicaci\u00f3n con la que realiza su trabajo diariamente y, m\u00e1s que nunca, su proximidad&#8221;.<\/p>\n\n\n\n<p>En este \u00e1mbito, el alcalde ha destacado la importancia de la unidad de proximidad, vinculada al Plan Respeto. Una unidad m\u00e1s cercana que &#8220;ayuda en la resoluci\u00f3n de problemas, contribuye a tener una ciudad m\u00e1s limpia, m\u00e1s amable y agradable para todos. El esfuerzo de la inmens\u00edsima mayor\u00eda de ciudadanos c\u00edvicos de Gandia no puede verse perjudicado por el incumplimiento de los pocos inc\u00edvicos que existen en la ciudad&#8221;.<\/p>\n\n\n\n<p>El alcalde ha vuelto a insistir en la importancia de reforzar y dotar de m\u00e1s recursos al cuerpo policial para consolidar la profesionalizaci\u00f3n y aumentar la eficiencia. Por ese motivo, anunci\u00f3 que ya se ha iniciado el proceso para crear siete nuevas plazas, lo que supone que se habr\u00e1 ofrecido el total de la plantilla municipal y que se adelantar\u00e1 en los procesos de promoci\u00f3n&nbsp;interna.<\/p>\n","protected":false},"excerpt":{"rendered":"<p>Gandia anuncia un refuerzo de personal y recursos para el cuerpo policial en el D\u00eda de la Polic\u00eda Local. <\/p>\n","protected":false},"author":1,"featured_media":1959,"comment_status":"open","ping_status":"open","sticky":false,"template":"","format":"standard","meta":{"footnotes":""},"categories":[1,27],"tags":[115],"class_list":["post-1966","post","type-post","status-publish","format-standard","has-post-thumbnail","hentry","category-actualidad","category-sociedad","tag-gandia-anuncia-un-refuerzo-de-personal-y-recursos-para-el-cuerpo-policial-en-el-dia-de-la-policia-local"],"_links":{"self":[{"href":"https:\/\/infogandia.es\/index.php\/wp-json\/wp\/v2\/posts\/1966","targetHints":{"allow":["GET"]}}],"collection":[{"href":"https:\/\/infogandia.es\/index.php\/wp-json\/wp\/v2\/posts"}],"about":[{"href":"https:\/\/infogandia.es\/index.php\/wp-json\/wp\/v2\/types\/post"}],"author":[{"embeddable":true,"href":"https:\/\/infogandia.es\/index.php\/wp-json\/wp\/v2\/users\/1"}],"replies":[{"embeddable":true,"href":"https:\/\/infogandia.es\/index.php\/wp-json\/wp\/v2\/comments?post=1966"}],"version-history":[{"count":1,"href":"https:\/\/infogandia.es\/index.php\/wp-json\/wp\/v2\/posts\/1966\/revisions"}],"predecessor-version":[{"id":1967,"href":"https:\/\/infogandia.es\/index.php\/wp-json\/wp\/v2\/posts\/1966\/revisions\/1967"}],"wp:featuredmedia":[{"embeddable":true,"href":"https:\/\/infogandia.es\/index.php\/wp-json\/wp\/v2\/media\/1959"}],"wp:attachment":[{"href":"https:\/\/infogandia.es\/index.php\/wp-json\/wp\/v2\/media?parent=1966"}],"wp:term":[{"taxonomy":"category","embeddable":true,"href":"https:\/\/infogandia.es\/index.php\/wp-json\/wp\/v2\/categories?post=1966"},{"taxonomy":"post_tag","embeddable":true,"href":"https:\/\/infogandia.es\/index.php\/wp-json\/wp\/v2\/tags?post=1966"}],"curies":[{"name":"wp","href":"https:\/\/api.w.org\/{rel}","templated":true}]}}