{"id":1968,"date":"2023-11-30T08:05:49","date_gmt":"2023-11-30T08:05:49","guid":{"rendered":"https:\/\/infogandia.es\/?p=1968"},"modified":"2023-11-30T08:05:49","modified_gmt":"2023-11-30T08:05:49","slug":"arranca-la-programacion-de-navidad-en-gandia","status":"publish","type":"post","link":"https:\/\/infogandia.es\/index.php\/2023\/11\/30\/arranca-la-programacion-de-navidad-en-gandia\/","title":{"rendered":"Arranca la programaci\u00f3n de Navidad en Gandia"},"content":{"rendered":"\n<p>El alcalde de Gand\u00eda, Jos\u00e9 Manuel Prieto y la concejala delegada de Cultura, Balbina Sendra, presentaron hoy el programa de actividades navide\u00f1as que empezar\u00e1 esta semana y terminar\u00e1 el 5 de enero.<\/p>\n\n\n\n<p>Con un total de 78 actividades repartidas entre los distintos barrios de la ciudad, la programaci\u00f3n arrancar\u00e1 este viernes, 1 de diciembre, con el encendido de las luces de Navidad que tendr\u00e1 lugar en la plaza del Prado a las 18 horas. Despu\u00e9s, habr\u00e1 un concierto de Dani Miquel dedicado a los m\u00e1s peque\u00f1os.<\/p>\n\n\n\n<p>El alcalde ha explicado que el Ayuntamiento ha dise\u00f1ado la iluminaci\u00f3n teniendo en cuenta el ahorro energ\u00e9tico y la sostenibilidad. As\u00ed pues, todas las luces que se instalan volver\u00e1n a ser de LED y estar\u00e1n encendidas s\u00f3lo hasta la 1 de la ma\u00f1ana, a excepci\u00f3n de los festivos, que se mantendr\u00e1n hasta las cuatro de la madrugada. Como novedad, este a\u00f1o se han introducido nuevos r\u00f3tulos luminosos con palabras caracter\u00edsticas de Navidad en el centro hist\u00f3rico. &#8220;Esperamos que gusten, llamen la atenci\u00f3n y forman parte de los recuerdos fotogr\u00e1ficos de los gandienses&#8221;, ha comentado Prieto.<\/p>\n\n\n\n<p>Adem\u00e1s, aprovech\u00f3 para informar que la plaza de la Escola Pia volver\u00e1 a acoger la &#8216;Plaza de la Navidad&#8217;, que podr\u00e1 visitarse desde el 22 de diciembre al 5 de enero de 10.30 a 13.30 horas, y de 17 a 20 horas los d\u00edas normales, y \u00fanicamente durante la ma\u00f1ana tanto el 24 y 31 de diciembre, como el 5 de enero. All\u00ed, los ni\u00f1os y ni\u00f1as de la localidad podr\u00e1n disfrutar del poblado de Pap\u00e1 Noel, el buz\u00f3n de los Reyes Magos y sus pajes, diferentes talleres tem\u00e1ticos, etc.<\/p>\n\n\n\n<p>Navidad, ha mencionado el alcalde, &#8220;es sin\u00f3nimo de tradici\u00f3n y m\u00fasica&#8221;. Por eso, este a\u00f1o la Colegiata ser\u00e1 de nuevo escenario del famoso Canto de la Sibila y del Concierto de Navidad de la Orquesta Sinf\u00f3nica &#8216;Victoria Fern\u00e1ndez&#8217;. La entrada de ambos espect\u00e1culos ser\u00e1 gratuita porque el Ayuntamiento quiere &#8220;acercar la m\u00fasica a toda la ciudad&#8221;.<\/p>\n\n\n\n<p>Como \u00faltimos platos fuertes, est\u00e1n las dos esperadas cabalgatas, en las que se recibir\u00e1 a Pap\u00e1 Noel y los Reyes Magos el 24 y 5 de enero, respectivamente, y la celebraci\u00f3n de Nochevieja.<\/p>\n\n\n\n<p>Este \u00faltimo d\u00eda contar\u00e1 con unas campanadas infantiles, as\u00ed como un tarde con actuaciones musicales en la plaza Mayor y una fiesta nocturna en el Prado, desde donde se podr\u00e1 disfrutar de las campanadas en directo, de un espect\u00e1culo pirot\u00e9cnico y de una noche llena de m\u00fasica a cargo de la Orquesta Tit\u00e1nic.<\/p>\n\n\n\n<p>La programaci\u00f3n completa de toda la temporada navide\u00f1a puede consultarse online en la web del Ayuntamiento, donde se detallan las diferentes actividades de cada barrio.<\/p>\n\n\n\n<p>Por \u00faltimo, el alcalde ha expresado su deseo y el de la corporaci\u00f3n de &#8220;dejar a un lado las diferencias y entrar en el pr\u00f3ximo 2024 con optimismo y una sonrisa&#8221;.<\/p>\n\n\n\n<p>Por su parte, Balbina Sendra explic\u00f3 otro de los eventos que marcar\u00e1 el comienzo de la temporada navide\u00f1a, la tradicional Feria Borgiana, que se celebrar\u00e1 entre el 1 y el 3 de diciembre y dar\u00e1 un extra de animaci\u00f3n a las calles del barrio antiguo . Entre otras cosas, el evento\u2006 incluir\u00e1 juegos infantiles, visitas guiadas, showcookings y m\u00fasica.<\/p>\n\n\n\n<p>La concejala ha se\u00f1alado que el objetivo de este evento es &#8220;conmemorar la compra del ducado de Gand\u00eda que Rodrigo de Borja hizo en 1485&#8221;. Tambi\u00e9n ha explicado que la acci\u00f3n entra dentro del convenio que Gandia tiene con Territori Borgia y el turismo de la Comunitat y que sirve para contribuir a la dinamizaci\u00f3n del centro de la ciudad.<\/p>\n\n\n\n<p>Todas las actividades de esta Feria requerir\u00e1n de una inscripci\u00f3n previa que podr\u00e1 realizarse en la p\u00e1gina web de Visit Gandia, donde tambi\u00e9n podr\u00e1n consultarse los diferentes horarios y precios.<\/p>\n\n\n\n<p>PROGRAMACI\u00d3N<\/p>\n\n\n\n<p>VIERNES 1 DE DICIEMBRE<\/p>\n\n\n\n<ul class=\"wp-block-list\">\n<li>17:30 horas. Pasacalle itinerante \u00abLa Corte de los Borja\u00bb, desde la Plaza Mayor hasta la Plaza del Prado.<\/li>\n\n\n\n<li>18:00 horas. Encendido de luces de Navidad con la colaboraci\u00f3n de coros infantiles de la ciudad, en la Plaza del Prado.<\/li>\n\n\n\n<li>18:15 horas. Concierto de Dani Miquel \u00abEl Cantacan\u00e7ons\u00bb, en la Plaza del Prado.<\/li>\n<\/ul>\n\n\n\n<p>S\u00c1BADO 2 DE DICIEMBRE<\/p>\n\n\n\n<ul class=\"wp-block-list\">\n<li>10:00 horas. Almuerzo Borgiano en el \u00abRinconcito del Prado\u00bb, en Fira Mercat Plaza del Prado con inscripci\u00f3n previa.<\/li>\n\n\n\n<li>11:00 horas. Visita guiada teatralizada \u00abLa Gandia dels Borja\u00bb, con salida desde la Plaza Escuelas P\u00edas, inscripci\u00f3n previa.<\/li>\n\n\n\n<li>11:00 a 14:00 horas. Parque de juegos de madera, en la Plaza Escuelas P\u00edas.<\/li>\n\n\n\n<li>12:00 horas. Showcooking cocina Borgiana por Restaurante Chef Amadeo, Fira Mercat en la Plaza del Prado, con inscripci\u00f3n previa.<\/li>\n\n\n\n<li>12:30 horas. Concierto \u00abLive Animals\u00bb, en los Jardines de la Marquesa.<\/li>\n\n\n\n<li>13:00 horas. Showcooking cocina Borgiana por A.C.G. Fideu\u00e0 de Gandia, Fira Mercat en la Plaza del Prado, con inscripci\u00f3n previa.<\/li>\n\n\n\n<li>17:00 a 20:00 horas. Parque de juegos de madera, en la Plaza Escuelas.<\/li>\n\n\n\n<li>18:00 horas. Showcooking cocina Borgiana por Pepe Cotaina, Fira Mercat en la Plaza del Prado, con inscripci\u00f3n previa.<\/li>\n\n\n\n<li>19:00 horas. Showcooking cocina Borgiana por Pastisseria Ra\u00fal, Fira Mercat en la Plaza del Prado, con inscripci\u00f3n previa.<\/li>\n\n\n\n<li>19:00 horas. Concierto tardeo \u00abEstropejats\u00bb, en la Plaza del Prado.<\/li>\n<\/ul>\n\n\n\n<p>DOMINGO 3 DE DICIEMBRE<\/p>\n\n\n\n<ul class=\"wp-block-list\">\n<li>10:00 horas. Almuerzo Borgiano en el \u00abRinconcito del Prado\u00bb, en Fira Mercat Plaza del Prado con inscripci\u00f3n previa.<\/li>\n\n\n\n<li>11:00 horas. Visita guiada teatralizada \u00abLa Gandia dels Borja\u00bb, con salida desde la Plaza Escuelas P\u00edas, inscripci\u00f3n previa.<\/li>\n\n\n\n<li>11:00 a 14:00 horas. Parque de juegos de madera, en la Plaza Escuelas P\u00edas.<\/li>\n\n\n\n<li>12:00 horas. Showcooking cocina Borgiana por Restaurante El Telero, Fira Mercat en la Plaza del Prado, con inscripci\u00f3n previa.<\/li>\n\n\n\n<li>12:00 horas. Concierto conmemorativo aniversario de la compra del ducado de Gandia. Banda de m\u00fasica \u00abGM El Comboi del Real de Gandia en la Plaza del Prado.<\/li>\n\n\n\n<li>13:00 horas. Showcooking por Carns Fuster, Fira Mercat en la Plaza del Prado, con inscripci\u00f3n&nbsp;previa.<\/li>\n<\/ul>\n","protected":false},"excerpt":{"rendered":"<p>Arranca la programaci\u00f3n de Navidad en Gandia.<\/p>\n","protected":false},"author":1,"featured_media":1960,"comment_status":"open","ping_status":"open","sticky":false,"template":"","format":"standard","meta":{"footnotes":""},"categories":[1,27,57],"tags":[],"class_list":["post-1968","post","type-post","status-publish","format-standard","has-post-thumbnail","hentry","category-actualidad","category-sociedad","category-turismo"],"_links":{"self":[{"href":"https:\/\/infogandia.es\/index.php\/wp-json\/wp\/v2\/posts\/1968","targetHints":{"allow":["GET"]}}],"collection":[{"href":"https:\/\/infogandia.es\/index.php\/wp-json\/wp\/v2\/posts"}],"about":[{"href":"https:\/\/infogandia.es\/index.php\/wp-json\/wp\/v2\/types\/post"}],"author":[{"embeddable":true,"href":"https:\/\/infogandia.es\/index.php\/wp-json\/wp\/v2\/users\/1"}],"replies":[{"embeddable":true,"href":"https:\/\/infogandia.es\/index.php\/wp-json\/wp\/v2\/comments?post=1968"}],"version-history":[{"count":1,"href":"https:\/\/infogandia.es\/index.php\/wp-json\/wp\/v2\/posts\/1968\/revisions"}],"predecessor-version":[{"id":1969,"href":"https:\/\/infogandia.es\/index.php\/wp-json\/wp\/v2\/posts\/1968\/revisions\/1969"}],"wp:featuredmedia":[{"embeddable":true,"href":"https:\/\/infogandia.es\/index.php\/wp-json\/wp\/v2\/media\/1960"}],"wp:attachment":[{"href":"https:\/\/infogandia.es\/index.php\/wp-json\/wp\/v2\/media?parent=1968"}],"wp:term":[{"taxonomy":"category","embeddable":true,"href":"https:\/\/infogandia.es\/index.php\/wp-json\/wp\/v2\/categories?post=1968"},{"taxonomy":"post_tag","embeddable":true,"href":"https:\/\/infogandia.es\/index.php\/wp-json\/wp\/v2\/tags?post=1968"}],"curies":[{"name":"wp","href":"https:\/\/api.w.org\/{rel}","templated":true}]}}