{"id":1970,"date":"2023-11-30T08:17:44","date_gmt":"2023-11-30T08:17:44","guid":{"rendered":"https:\/\/infogandia.es\/?p=1970"},"modified":"2023-11-30T08:17:44","modified_gmt":"2023-11-30T08:17:44","slug":"lajuntament-de-xeraco-inaugura-la-primera-fase-del-carril-per-a-ciclovianants-adjunta-a-la-sequia-travessera","status":"publish","type":"post","link":"https:\/\/infogandia.es\/index.php\/2023\/11\/30\/lajuntament-de-xeraco-inaugura-la-primera-fase-del-carril-per-a-ciclovianants-adjunta-a-la-sequia-travessera\/","title":{"rendered":"L&#8217;Ajuntament de Xeraco inaugura la primera fase del carril per a ciclovianants adjunta a la s\u00e9quia travessera\u00a0"},"content":{"rendered":"\n<p>L&#8217;alcalde de Xeraco, Avelino Mascarell, la diputada de carreteres, Reme Mazzolari, participants del &#8216;Xeraco Camina&#8217; i membres del consistori, van inaugurar el carril ciclopeatonal del camin\u00e0s.&nbsp;<\/p>\n\n\n\n<p>Aquesta \u00e9s la primera fase del carril que va fins al Mirador de les Aus. Des del consistori ja estan preparant el projecte de l&#8217;obra en fase dos que anir\u00e0 fins a la recta de la carretera del Grau de Gandia.&nbsp;<\/p>\n\n\n\n<p>\u00abAmb aquesta obra pretenem unir el poble amb la marjal, concretament amb el Mirador de les Aus, un paratge natural que tenim al nostre poble. A m\u00e9s a m\u00e9s, s&#8217;amplia la seguretat dels ve\u00efns i ve\u00efnes que la freq\u00fcenten i millorem l&#8217;accessibilitat als entorns naturals\u00bb, comenta Avelino Mascarell.&nbsp;<\/p>\n\n\n\n<p>El cost total de l\u2019obra ha sigut de 79.959, 50 euros dels quals 59.999,99 han estat subvencionats per la Diputaci\u00f3 de Val\u00e8ncia.&nbsp;<\/p>\n\n\n\n<figure class=\"wp-block-image size-large\"><img fetchpriority=\"high\" decoding=\"async\" width=\"1024\" height=\"768\" src=\"http:\/\/infogandia.es\/wp-content\/uploads\/2023\/11\/IMG_0850-1024x768.png\" alt=\"\" class=\"wp-image-1980\" srcset=\"https:\/\/infogandia.es\/wp-content\/uploads\/2023\/11\/IMG_0850-1024x768.png 1024w, https:\/\/infogandia.es\/wp-content\/uploads\/2023\/11\/IMG_0850-300x225.png 300w, https:\/\/infogandia.es\/wp-content\/uploads\/2023\/11\/IMG_0850-768x576.png 768w, https:\/\/infogandia.es\/wp-content\/uploads\/2023\/11\/IMG_0850-1536x1152.png 1536w, https:\/\/infogandia.es\/wp-content\/uploads\/2023\/11\/IMG_0850-2048x1536.png 2048w\" sizes=\"(max-width: 1024px) 100vw, 1024px\" \/><\/figure>\n","protected":false},"excerpt":{"rendered":"<p>L&#8217;alcalde de Xeraco, Avelino Mascarell, la diputada de carreteres, Reme Mazzolari, participants del &#8216;Xeraco Camina&#8217; i membres del consistori, van inaugurar el carril ciclopeatonal del camin\u00e0s.&nbsp; Aquesta \u00e9s la primera fase del carril que va fins al Mirador de les Aus. Des del consistori ja estan preparant el projecte de l&#8217;obra en fase dos que&#8230;<\/p>\n","protected":false},"author":1,"featured_media":1979,"comment_status":"open","ping_status":"open","sticky":false,"template":"","format":"standard","meta":{"footnotes":""},"categories":[1,27],"tags":[],"class_list":["post-1970","post","type-post","status-publish","format-standard","has-post-thumbnail","hentry","category-actualidad","category-sociedad"],"_links":{"self":[{"href":"https:\/\/infogandia.es\/index.php\/wp-json\/wp\/v2\/posts\/1970","targetHints":{"allow":["GET"]}}],"collection":[{"href":"https:\/\/infogandia.es\/index.php\/wp-json\/wp\/v2\/posts"}],"about":[{"href":"https:\/\/infogandia.es\/index.php\/wp-json\/wp\/v2\/types\/post"}],"author":[{"embeddable":true,"href":"https:\/\/infogandia.es\/index.php\/wp-json\/wp\/v2\/users\/1"}],"replies":[{"embeddable":true,"href":"https:\/\/infogandia.es\/index.php\/wp-json\/wp\/v2\/comments?post=1970"}],"version-history":[{"count":1,"href":"https:\/\/infogandia.es\/index.php\/wp-json\/wp\/v2\/posts\/1970\/revisions"}],"predecessor-version":[{"id":1983,"href":"https:\/\/infogandia.es\/index.php\/wp-json\/wp\/v2\/posts\/1970\/revisions\/1983"}],"wp:featuredmedia":[{"embeddable":true,"href":"https:\/\/infogandia.es\/index.php\/wp-json\/wp\/v2\/media\/1979"}],"wp:attachment":[{"href":"https:\/\/infogandia.es\/index.php\/wp-json\/wp\/v2\/media?parent=1970"}],"wp:term":[{"taxonomy":"category","embeddable":true,"href":"https:\/\/infogandia.es\/index.php\/wp-json\/wp\/v2\/categories?post=1970"},{"taxonomy":"post_tag","embeddable":true,"href":"https:\/\/infogandia.es\/index.php\/wp-json\/wp\/v2\/tags?post=1970"}],"curies":[{"name":"wp","href":"https:\/\/api.w.org\/{rel}","templated":true}]}}