{"id":1988,"date":"2023-11-30T08:23:52","date_gmt":"2023-11-30T08:23:52","guid":{"rendered":"https:\/\/infogandia.es\/?p=1988"},"modified":"2023-11-30T08:23:52","modified_gmt":"2023-11-30T08:23:52","slug":"lajuntament-de-tavernes-estudia-propostes-per-a-reduir-el-transit-del-centre-i-crear-un-entorn-amable-per-als-vianants","status":"publish","type":"post","link":"https:\/\/infogandia.es\/index.php\/2023\/11\/30\/lajuntament-de-tavernes-estudia-propostes-per-a-reduir-el-transit-del-centre-i-crear-un-entorn-amable-per-als-vianants\/","title":{"rendered":"L\u2019Ajuntament de Tavernes estudia propostes per a reduir el tr\u00e0nsit del centre i crear un entorn amable per als vianants"},"content":{"rendered":"\n<ul class=\"wp-block-list\">\n<li>De l\u20191 al 10 de desembre no es podr\u00e0 circular pel vial sud del passeig del Pa\u00eds Valenci\u00e0, on quedar\u00e0 prohibit el pas de vehicles a partir de les 15 hores de divendres&nbsp;&nbsp;<\/li>\n\n\n\n<li>La proposta naix amb el prop\u00f2sit que les persones puguen gaudir de l\u2019espai, fer compres al comer\u00e7 local i redoblar la seguretat en la zona de jocs<\/li>\n<\/ul>\n\n\n\n<p>L\u2019Ajuntament de Tavernes de la Valldigna estudia propostes per a reduir el tr\u00e0nsit en el centre de la ciutat i crear un entorn m\u00e9s amable i segur per als vianants. Un pla que es posar\u00e0 en marxa a partir d\u2019este cap de setmana, quan quedar\u00e0 restringit el pas de vehicles pel vial sud del passeig del Pa\u00eds Valenci\u00e0. El tancament estar\u00e0 en vigor des de l\u20191 de desembre a les 15 hores fins al dia 10 a les 22 hores.\u00a0<\/p>\n\n\n\n<p>La mesura naix amb el prop\u00f2sit que les persones puguen gaudir de l\u2019espai i que el govern local ha decidit implementar despr\u00e9s d\u2019atendre les inquietuds dels ve\u00efns i les ve\u00efnes, com a aposta per a millorar la qualitat de vida. Una proposta coordinada amb la Policia Local per a garantir tamb\u00e9 un entorn segur i agradable a tothom.<\/p>\n\n\n\n<p>Al mateix temps, este canvi vol impulsar el comer\u00e7 i l&#8217;hostaleria local per tal que estos dies, quan la gent gaudeix de les festes i va a comprar, tinga un entorn m\u00e9s tranquil i lliure de vehicles, mentre els m\u00e9s menuts guanyen tamb\u00e9 en seguretat prop d\u2019un parc infantil. S\u00f3n decisions marcades tamb\u00e9 pels objectius que estableix l&#8217;Agenda 2030 de cara al futur.&nbsp;<\/p>\n\n\n\n<p>L\u2019alcaldessa Lara Romero ha destacat que es tracta d\u2019una proposta per a estudiar eixa \u201cciutat amable, sostenible i urban\u00edsticament c\u00f2moda per als ve\u00efns i les ve\u00efnes\u201d. \u201cAmb esta decisi\u00f3 ens centrarem en dos propostes clares com \u00e9s en estes dates de Nadal impulsar el comer\u00e7 local i tamb\u00e9 buscar eixe espai de seguretat i conviv\u00e8ncia entre les fam\u00edlies amb xiquets i xiquetes que juguen en este entorn. Una mesura que ha tingut tamb\u00e9 bona acollida en la Policia Local\u201d.&nbsp;&nbsp;<\/p>\n\n\n\n<p>Per altra part, el regidor de Seguretat Ciutadana, Emilio Fonseca, ha destacat que \u201cla seguretat dels ve\u00efns i les ve\u00efnes \u00e9s una prioritat, i per aix\u00f2 hem decidit restringir el tr\u00e0nsit perqu\u00e8 hi haja m\u00e9s zones per als vianants i puguen gaudir dels dies de pont i les festes de Nadal\u201d.&nbsp;<\/p>\n","protected":false},"excerpt":{"rendered":"<p>L\u2019Ajuntament de Tavernes estudia propostes per a reduir el tr\u00e0nsit del centre i crear un entorn amable per als vianants<\/p>\n","protected":false},"author":1,"featured_media":1989,"comment_status":"open","ping_status":"open","sticky":false,"template":"","format":"standard","meta":{"footnotes":""},"categories":[1],"tags":[],"class_list":["post-1988","post","type-post","status-publish","format-standard","has-post-thumbnail","hentry","category-actualidad"],"_links":{"self":[{"href":"https:\/\/infogandia.es\/index.php\/wp-json\/wp\/v2\/posts\/1988","targetHints":{"allow":["GET"]}}],"collection":[{"href":"https:\/\/infogandia.es\/index.php\/wp-json\/wp\/v2\/posts"}],"about":[{"href":"https:\/\/infogandia.es\/index.php\/wp-json\/wp\/v2\/types\/post"}],"author":[{"embeddable":true,"href":"https:\/\/infogandia.es\/index.php\/wp-json\/wp\/v2\/users\/1"}],"replies":[{"embeddable":true,"href":"https:\/\/infogandia.es\/index.php\/wp-json\/wp\/v2\/comments?post=1988"}],"version-history":[{"count":1,"href":"https:\/\/infogandia.es\/index.php\/wp-json\/wp\/v2\/posts\/1988\/revisions"}],"predecessor-version":[{"id":1990,"href":"https:\/\/infogandia.es\/index.php\/wp-json\/wp\/v2\/posts\/1988\/revisions\/1990"}],"wp:featuredmedia":[{"embeddable":true,"href":"https:\/\/infogandia.es\/index.php\/wp-json\/wp\/v2\/media\/1989"}],"wp:attachment":[{"href":"https:\/\/infogandia.es\/index.php\/wp-json\/wp\/v2\/media?parent=1988"}],"wp:term":[{"taxonomy":"category","embeddable":true,"href":"https:\/\/infogandia.es\/index.php\/wp-json\/wp\/v2\/categories?post=1988"},{"taxonomy":"post_tag","embeddable":true,"href":"https:\/\/infogandia.es\/index.php\/wp-json\/wp\/v2\/tags?post=1988"}],"curies":[{"name":"wp","href":"https:\/\/api.w.org\/{rel}","templated":true}]}}