{"id":2004,"date":"2023-12-01T16:38:10","date_gmt":"2023-12-01T16:38:10","guid":{"rendered":"https:\/\/infogandia.es\/?p=2004"},"modified":"2023-12-01T16:38:10","modified_gmt":"2023-12-01T16:38:10","slug":"gandia-presenta-la-escuela-de-navidad-para-fomentar-la-conciliacion-laboral-y-familiar","status":"publish","type":"post","link":"https:\/\/infogandia.es\/index.php\/2023\/12\/01\/gandia-presenta-la-escuela-de-navidad-para-fomentar-la-conciliacion-laboral-y-familiar\/","title":{"rendered":"Gandia presenta la Escuela de Navidad para fomentar la conciliaci\u00f3n laboral y familiar"},"content":{"rendered":"\n<p>El Ayuntamiento de Gandia, desde la concejal\u00eda de Igualdad y con la colaboraci\u00f3n de la concejal\u00eda de Educaci\u00f3n, pone en marcha la Escoleta de Navidad. Se trata de un proyecto que se ha subvencionado gracias al Plan Corresponsables del Estado, y tiene como objetivo fomentar la conciliaci\u00f3n laboral y familiar de la ciudadan\u00eda durante estas fechas en la que los m\u00e1s peque\u00f1os de la casa disfrutan de las vacaciones de Navidad .<\/p>\n\n\n\n<p>La guarder\u00eda tendr\u00e1 lugar del 26 al 29 de diciembre y del 2 al 5 de enero en horario de 9 a 14 horas, y ser\u00e1 en las escuelas San Francisco de Borja, Ro\u00eds de Corella, Mond\u00faver, Bot\u00e1nico Cavanilles, Joan XXIII y Joan Martorell .<\/p>\n\n\n\n<p>Por lo que respecta a las plazas, habr\u00e1 un total de 300 que se distribuir\u00e1n entre todos los centros y cada educador tendr\u00e1 grupos no superiores a 17 alumnos. Cabe mencionar que todos los espacios contar\u00e1n con m\u00e1s de un coordinador.<\/p>\n\n\n\n<p>La empresa adjudicataria que prestar\u00e1 el servicio realizar\u00e1 una baremaci\u00f3n para hacer el listado de admitidos y las inscripciones. Por eso, los interesados \u200b\u200btendr\u00e1n que estar empadronados en Gand\u00eda, y tendr\u00e1n una serie de criterios que les permitir\u00e1 conseguir m\u00e1s o menos puntos. El consistorio publicar\u00e1 en breve las caracter\u00edsticas del proceso de inscripci\u00f3n.<\/p>\n\n\n\n<p>El precio ser\u00e1 de 30 euros y todo lo recaudado ir\u00e1 destinado a comprar material y llevar a cabo mejoras en los colegios p\u00fablicos del municipio, tal y como exige el Plan Corresponsables.<\/p>\n","protected":false},"excerpt":{"rendered":"<p>Gandia presenta la Escuela de Navidad para fomentar la conciliaci\u00f3n laboral y familiar. <\/p>\n","protected":false},"author":1,"featured_media":2005,"comment_status":"open","ping_status":"open","sticky":false,"template":"","format":"standard","meta":{"footnotes":""},"categories":[1,5],"tags":[],"class_list":["post-2004","post","type-post","status-publish","format-standard","has-post-thumbnail","hentry","category-actualidad","category-educacion"],"_links":{"self":[{"href":"https:\/\/infogandia.es\/index.php\/wp-json\/wp\/v2\/posts\/2004","targetHints":{"allow":["GET"]}}],"collection":[{"href":"https:\/\/infogandia.es\/index.php\/wp-json\/wp\/v2\/posts"}],"about":[{"href":"https:\/\/infogandia.es\/index.php\/wp-json\/wp\/v2\/types\/post"}],"author":[{"embeddable":true,"href":"https:\/\/infogandia.es\/index.php\/wp-json\/wp\/v2\/users\/1"}],"replies":[{"embeddable":true,"href":"https:\/\/infogandia.es\/index.php\/wp-json\/wp\/v2\/comments?post=2004"}],"version-history":[{"count":1,"href":"https:\/\/infogandia.es\/index.php\/wp-json\/wp\/v2\/posts\/2004\/revisions"}],"predecessor-version":[{"id":2012,"href":"https:\/\/infogandia.es\/index.php\/wp-json\/wp\/v2\/posts\/2004\/revisions\/2012"}],"wp:featuredmedia":[{"embeddable":true,"href":"https:\/\/infogandia.es\/index.php\/wp-json\/wp\/v2\/media\/2005"}],"wp:attachment":[{"href":"https:\/\/infogandia.es\/index.php\/wp-json\/wp\/v2\/media?parent=2004"}],"wp:term":[{"taxonomy":"category","embeddable":true,"href":"https:\/\/infogandia.es\/index.php\/wp-json\/wp\/v2\/categories?post=2004"},{"taxonomy":"post_tag","embeddable":true,"href":"https:\/\/infogandia.es\/index.php\/wp-json\/wp\/v2\/tags?post=2004"}],"curies":[{"name":"wp","href":"https:\/\/api.w.org\/{rel}","templated":true}]}}