{"id":2013,"date":"2023-12-01T16:38:45","date_gmt":"2023-12-01T16:38:45","guid":{"rendered":"https:\/\/infogandia.es\/?p=2013"},"modified":"2023-12-01T16:38:46","modified_gmt":"2023-12-01T16:38:46","slug":"gandia-se-suma-al-dia-mundial-de-la-lucha-contra-el-sida","status":"publish","type":"post","link":"https:\/\/infogandia.es\/index.php\/2023\/12\/01\/gandia-se-suma-al-dia-mundial-de-la-lucha-contra-el-sida\/","title":{"rendered":"Gand\u00eda se suma al D\u00eda Mundial de la Lucha contra el Sida"},"content":{"rendered":"\n<p>La plaza Mayor de Gandia acogi\u00f3 hoy a las 12.30 horas, 1 de diciembre, la lectura de un manifiesto con motivo del D\u00eda Mundial del Sida. La fecha fue creada por la Organizaci\u00f3n Mundial de la Salud en 1988 y tiene como objetivo apoyar a las personas que sufren el virus y dar a conocer los avances que pueden ayudar a luchar por ellos.<\/p>\n\n\n\n<p>El representante de (cargo), nombre, ha sido la encargada de leer el discurso. Entre otras cosas ha explicado que el lema de este a\u00f1o es &#8216;Que lideran las comunidades&#8217;, frase que pretende recordar a los distintos organismos de poder del mundo su obligaci\u00f3n a la hora de implementar las pol\u00edticas y los servicios de salud necesarios para a hacer frente mal tan extendido.<\/p>\n\n\n\n<p>Adem\u00e1s, mencion\u00f3 que &#8220;la ONU se ha fijado el objetivo de acabar con el VIH como un problema de salud p\u00fablica para el a\u00f1o 2030&#8221;, y record\u00f3 que las personas portadoras que reciben tratamiento y tienen una carga viral indetectable no pueden transmitir la enfermedad.<\/p>\n\n\n\n<p>Por \u00faltimo, ha destacado la necesidad de que todo el mundo se realice la prueba y ayude a &#8220;combatir el estigma&#8221; que acompa\u00f1a a las personas con VIH en su d\u00eda a d\u00eda, y ha condenado los actos discriminatorios, las injusticias y la falta de recursos que sufren a menudo todos los afectados.<\/p>\n\n\n\n<p>Adem\u00e1s de la lectura del manifiesto, se ha colgado una pancarta en el balc\u00f3n del Ayuntamiento para visibilizar esta fecha&nbsp;tan&nbsp;importante.<\/p>\n","protected":false},"excerpt":{"rendered":"<p>Gand\u00eda se suma al D\u00eda Mundial de la Lucha contra el Sida. <\/p>\n","protected":false},"author":1,"featured_media":2006,"comment_status":"open","ping_status":"open","sticky":false,"template":"","format":"standard","meta":{"footnotes":""},"categories":[1,27],"tags":[],"class_list":["post-2013","post","type-post","status-publish","format-standard","has-post-thumbnail","hentry","category-actualidad","category-sociedad"],"_links":{"self":[{"href":"https:\/\/infogandia.es\/index.php\/wp-json\/wp\/v2\/posts\/2013","targetHints":{"allow":["GET"]}}],"collection":[{"href":"https:\/\/infogandia.es\/index.php\/wp-json\/wp\/v2\/posts"}],"about":[{"href":"https:\/\/infogandia.es\/index.php\/wp-json\/wp\/v2\/types\/post"}],"author":[{"embeddable":true,"href":"https:\/\/infogandia.es\/index.php\/wp-json\/wp\/v2\/users\/1"}],"replies":[{"embeddable":true,"href":"https:\/\/infogandia.es\/index.php\/wp-json\/wp\/v2\/comments?post=2013"}],"version-history":[{"count":1,"href":"https:\/\/infogandia.es\/index.php\/wp-json\/wp\/v2\/posts\/2013\/revisions"}],"predecessor-version":[{"id":2014,"href":"https:\/\/infogandia.es\/index.php\/wp-json\/wp\/v2\/posts\/2013\/revisions\/2014"}],"wp:featuredmedia":[{"embeddable":true,"href":"https:\/\/infogandia.es\/index.php\/wp-json\/wp\/v2\/media\/2006"}],"wp:attachment":[{"href":"https:\/\/infogandia.es\/index.php\/wp-json\/wp\/v2\/media?parent=2013"}],"wp:term":[{"taxonomy":"category","embeddable":true,"href":"https:\/\/infogandia.es\/index.php\/wp-json\/wp\/v2\/categories?post=2013"},{"taxonomy":"post_tag","embeddable":true,"href":"https:\/\/infogandia.es\/index.php\/wp-json\/wp\/v2\/tags?post=2013"}],"curies":[{"name":"wp","href":"https:\/\/api.w.org\/{rel}","templated":true}]}}