{"id":2017,"date":"2023-12-01T16:40:20","date_gmt":"2023-12-01T16:40:20","guid":{"rendered":"https:\/\/infogandia.es\/?p=2017"},"modified":"2023-12-01T16:40:20","modified_gmt":"2023-12-01T16:40:20","slug":"fallece-en-plena-plaza-el-liptica-un-indigente-voluntario-de-caritas-gandia","status":"publish","type":"post","link":"https:\/\/infogandia.es\/index.php\/2023\/12\/01\/fallece-en-plena-plaza-el-liptica-un-indigente-voluntario-de-caritas-gandia\/","title":{"rendered":"Fallece en plena plaza El.l\u00edptica un indigente voluntario de C\u00e1ritas Gandia"},"content":{"rendered":"\n<p>Lleg\u00f3 de su Cuba natal har\u00e1 una d\u00e9cada o un poco m\u00e1s y su viva era la calle. Tanto es as\u00ed que estaba acostumbrado a pernoctar entre cartones y mantas cedidas con alg\u00fan roto o descosido. Un peque\u00f1o colch\u00f3n ya era un lujo, y esta pasada madrugada, a pesar de que las temperaturas han sido &#8221;c\u00e1lidas&#8221; para la \u00e9poca del a\u00f1o, ha fallecido mientras conciliaba el sue\u00f1o en su particular y p\u00fablico &#8221;dormitorio&#8221;.<\/p>\n\n\n\n<p>Cuando el alba hab\u00eda despuntado y con los primeros rayos de sol es cuando quienes comparten &#8221;habitaci\u00f3n a la calle&#8221; y algunos de los vecinos del barrio que lo conoc\u00edan se han percatado de que no respond\u00eda ni se mov\u00eda y llevaba mucho rato en la misma posici\u00f3n. Pedro Pablo a esa hora ya estar\u00eda danzando por su oscura realidad. Al llegar la Polic\u00eda Nacional y personal sanitario han confirmado el fallecimiento. Una muerte que todo apunta a causas naturales, dado que no consta que sufriera alguna enfermedad que pudiera acabar con su vida.<\/p>\n\n\n\n<p>El fallecido era asiduo a los servicios parroquiales de C\u00e1ritas Gandia. De hecho, desde la entidad cat\u00f3lica han se\u00f1alado que el propio Pedro Pablo hab\u00eda sido voluntario de la entidad durante un tiempo. Desde C\u00e1ritas Gandia han lamentado el fallecimiento de esta persona, indigente y voluntario a la vez, que viene -por incre\u00edble que parezca- a sumar uno m\u00e1s a la lista de fallecidos en las calles&nbsp;de&nbsp;Gandia.<\/p>\n","protected":false},"excerpt":{"rendered":"<p>Fallece en plena plaza El.l\u00edptica un indigente voluntario de C\u00e1ritas Gandia<\/p>\n","protected":false},"author":1,"featured_media":2008,"comment_status":"open","ping_status":"open","sticky":false,"template":"","format":"standard","meta":{"footnotes":""},"categories":[1,27],"tags":[],"class_list":["post-2017","post","type-post","status-publish","format-standard","has-post-thumbnail","hentry","category-actualidad","category-sociedad"],"_links":{"self":[{"href":"https:\/\/infogandia.es\/index.php\/wp-json\/wp\/v2\/posts\/2017","targetHints":{"allow":["GET"]}}],"collection":[{"href":"https:\/\/infogandia.es\/index.php\/wp-json\/wp\/v2\/posts"}],"about":[{"href":"https:\/\/infogandia.es\/index.php\/wp-json\/wp\/v2\/types\/post"}],"author":[{"embeddable":true,"href":"https:\/\/infogandia.es\/index.php\/wp-json\/wp\/v2\/users\/1"}],"replies":[{"embeddable":true,"href":"https:\/\/infogandia.es\/index.php\/wp-json\/wp\/v2\/comments?post=2017"}],"version-history":[{"count":1,"href":"https:\/\/infogandia.es\/index.php\/wp-json\/wp\/v2\/posts\/2017\/revisions"}],"predecessor-version":[{"id":2018,"href":"https:\/\/infogandia.es\/index.php\/wp-json\/wp\/v2\/posts\/2017\/revisions\/2018"}],"wp:featuredmedia":[{"embeddable":true,"href":"https:\/\/infogandia.es\/index.php\/wp-json\/wp\/v2\/media\/2008"}],"wp:attachment":[{"href":"https:\/\/infogandia.es\/index.php\/wp-json\/wp\/v2\/media?parent=2017"}],"wp:term":[{"taxonomy":"category","embeddable":true,"href":"https:\/\/infogandia.es\/index.php\/wp-json\/wp\/v2\/categories?post=2017"},{"taxonomy":"post_tag","embeddable":true,"href":"https:\/\/infogandia.es\/index.php\/wp-json\/wp\/v2\/tags?post=2017"}],"curies":[{"name":"wp","href":"https:\/\/api.w.org\/{rel}","templated":true}]}}