{"id":2028,"date":"2023-12-04T11:43:00","date_gmt":"2023-12-04T11:43:00","guid":{"rendered":"https:\/\/infogandia.es\/?p=2028"},"modified":"2023-12-04T13:13:11","modified_gmt":"2023-12-04T13:13:11","slug":"espurna-abarrota-las-calles-de-gandia-con-la-volta-a-peu-mas-espectacular","status":"publish","type":"post","link":"https:\/\/infogandia.es\/index.php\/2023\/12\/04\/espurna-abarrota-las-calles-de-gandia-con-la-volta-a-peu-mas-espectacular\/","title":{"rendered":"Espurna abarrota las calles de Gandia\u00a0con la Volta a Peu m\u00e1s espectacular\u00a0"},"content":{"rendered":"\n<p><strong><em>Cientos de escolares llevaron en volandas a los cerca de mil participantes en la carrera inclusiva<\/em><\/strong><\/p>\n\n\n\n<p>La Fundaci\u00f3n Espurna volvi\u00f3 a superarse en la organizaci\u00f3n de la Volta a Peu que el viernes lleg\u00f3 a su d\u00e9cima edici\u00f3n. Al \u00e9xito de participantes, cerca de mil personas entre deportistas, acompa\u00f1antes y voluntarios, se uni\u00f3 el ambientazo vivido en las calles de Gandia gracias a la animaci\u00f3n protagonizada por los escolares de la ciudad, estimados en un millar.&nbsp;<\/p>\n\n\n\n<p>Seguramente sea este, el de la participaci\u00f3n de los centros educativos, el punto de inflexi\u00f3n que la prueba ha vivido en las \u00faltimas ediciones, cuando se decidi\u00f3 que coincidiera la carrera con el D\u00eda Internacional de las Personas con Discapacidad y que el evento se convirtiera en el veh\u00edculo para llevar el debate de la inclusi\u00f3n en el deporte a las aulas. De esta manera, el alumnado se siente en part\u00edcipe activo de un acontecimiento que ya va m\u00e1s all\u00e1 de los organizadores y que se ha convertido en una fiesta de todos, objetivo principal de la inclusi\u00f3n en el deporte.&nbsp;<\/p>\n\n\n\n<p>Adolescentes acompa\u00f1ando a deportistas, ni\u00f1os y ni\u00f1as ideando pancartas, pompones o c\u00e1nticos y un sentir general de que esa imagen es el prop\u00f3sito cumplido. De todos ellos, el centro premiado por su animaci\u00f3n fue el de Escolapios, aunque la votaci\u00f3n del jurado fue muy re\u00f1ida. El resto de centros que salieron a las calles a animar fueron: San Francisco de Borja, Benipeixcar, Escolapias, Abad Sola, Borja Jesuitas y Las Colinas. Adem\u00e1s fue clave la aportaci\u00f3n del voluntariado de Los Naranjos, Las Colinas, Mar\u00eda Enr\u00edquez y Ausi\u00e0s March.&nbsp; &nbsp;<\/p>\n\n\n\n<p>En lo deportivo la prueba fue ganada por Jos\u00e9 Carregal y Asia Ignatova que demostraron que sus entrenamientos con el CC Garb\u00ed y el CA Gandia dan sus frutos. A la cita asistieron autoridades como el alcalde Jos\u00e9 Manuel Prieto o el diputado V\u00edctor Soler y varios ediles del ayuntamiento. El doctor Ximo M\u00e1s fue el encargado de velar por la salud de los participantes y formaliz\u00f3 el acuerdo de ser el m\u00e9dico oficial de la Volta en las pr\u00f3ximas ediciones. Al acabar la carrera los participantes pudieron disfrutar con el puchero de CA Fuster, la animaci\u00f3n de Pascal Renolt y las exhibiciones de zumba y pilates. Tambi\u00e9n hubo regalos de las casas patrocinadoras entre las que se encuentran Pla Faus, Caixa Popular, Motor Pac\u00edfico, Frutas Campoamor, Vicky Foods, Caf\u00e9s Valiente, Inserquim, Ficxa, Helados Estiu, Ortopedia Par\u00eds, Panader\u00eda Ricardo, Caterguay, Caf\u00e9s Climent y Christeyns, a los que la organizaci\u00f3n quiso agradecer su implicaci\u00f3n y solidaridad, as\u00ed como al padrino de esta edici\u00f3n, el periodista Pedro Morata.&nbsp;<\/p>\n\n\n\n<figure class=\"wp-block-video\"><video controls src=\"https:\/\/infogandia.es\/wp-content\/uploads\/2023\/12\/10-VOLTA-A-PEU-2023.-resum-5-min-1.mpeg\"><\/video><\/figure>\n","protected":false},"excerpt":{"rendered":"<p>la Volta a Peu m\u00e1s espectacular\u00a0<\/p>\n","protected":false},"author":1,"featured_media":2029,"comment_status":"open","ping_status":"open","sticky":false,"template":"","format":"standard","meta":{"footnotes":""},"categories":[1,4],"tags":[68,30],"class_list":["post-2028","post","type-post","status-publish","format-standard","has-post-thumbnail","hentry","category-actualidad","category-deporte","tag-68","tag-gandia"],"_links":{"self":[{"href":"https:\/\/infogandia.es\/index.php\/wp-json\/wp\/v2\/posts\/2028","targetHints":{"allow":["GET"]}}],"collection":[{"href":"https:\/\/infogandia.es\/index.php\/wp-json\/wp\/v2\/posts"}],"about":[{"href":"https:\/\/infogandia.es\/index.php\/wp-json\/wp\/v2\/types\/post"}],"author":[{"embeddable":true,"href":"https:\/\/infogandia.es\/index.php\/wp-json\/wp\/v2\/users\/1"}],"replies":[{"embeddable":true,"href":"https:\/\/infogandia.es\/index.php\/wp-json\/wp\/v2\/comments?post=2028"}],"version-history":[{"count":3,"href":"https:\/\/infogandia.es\/index.php\/wp-json\/wp\/v2\/posts\/2028\/revisions"}],"predecessor-version":[{"id":2037,"href":"https:\/\/infogandia.es\/index.php\/wp-json\/wp\/v2\/posts\/2028\/revisions\/2037"}],"wp:featuredmedia":[{"embeddable":true,"href":"https:\/\/infogandia.es\/index.php\/wp-json\/wp\/v2\/media\/2029"}],"wp:attachment":[{"href":"https:\/\/infogandia.es\/index.php\/wp-json\/wp\/v2\/media?parent=2028"}],"wp:term":[{"taxonomy":"category","embeddable":true,"href":"https:\/\/infogandia.es\/index.php\/wp-json\/wp\/v2\/categories?post=2028"},{"taxonomy":"post_tag","embeddable":true,"href":"https:\/\/infogandia.es\/index.php\/wp-json\/wp\/v2\/tags?post=2028"}],"curies":[{"name":"wp","href":"https:\/\/api.w.org\/{rel}","templated":true}]}}