{"id":2045,"date":"2023-12-04T16:43:29","date_gmt":"2023-12-04T16:43:29","guid":{"rendered":"https:\/\/infogandia.es\/?p=2045"},"modified":"2023-12-04T16:43:29","modified_gmt":"2023-12-04T16:43:29","slug":"lajuntament-estrena-la-web-nadal-a-tavernes-que-recull-tota-la-programacio-de-les-festes","status":"publish","type":"post","link":"https:\/\/infogandia.es\/index.php\/2023\/12\/04\/lajuntament-estrena-la-web-nadal-a-tavernes-que-recull-tota-la-programacio-de-les-festes\/","title":{"rendered":"L\u2019Ajuntament estrena la web \u2018Nadal a Tavernes\u2019 que recull tota la programaci\u00f3 de les festes"},"content":{"rendered":"\n<ul class=\"wp-block-list\">\n<li>Com a novetat, la Regidoria de Festes, ha organitzat un Concurs de decoraci\u00f3 nadalenca en finestres i balcons amb premis en xecs per a comprar al comer\u00e7 local&nbsp;<\/li>\n\n\n\n<li>La Nit de Cap d\u2019Any els ve\u00efns i ve\u00efnes de Tavernes podran gaudir de tres festes: revetla amb l\u2019orquestra Euforia en la pla\u00e7a Major, festa a la carpa del pol\u00edgon industrial i el Festivern&nbsp;<\/li>\n<\/ul>\n\n\n\n<p>L\u2019Ajuntament de Tavernes de la Valldigna ha estrenat la p\u00e0gina web \u2018Nadal a Tavernes\u2019 (<a href=\"https:\/\/nadalatavernes.es\">https:\/\/nadalatavernes.es<\/a>) on \u00e9s recull tota la programaci\u00f3 de les pr\u00f2ximes festes. Entre els continguts destaquen el saluda de l\u2019alcaldessa Lara Romero desitjant unes bones festes a tots els ve\u00efns i ve\u00efnes, a m\u00e9s d\u2019un complet calendari amb totes les activitats per a estes dates i la campanya de l\u2019Associaci\u00f3 de Comerciants de Tavernes.<\/p>\n\n\n\n<p>Una extensa programaci\u00f3 amb moltes activitats culturals, musicals, esportives i l\u00fadiques pensades per a tot tipus de p\u00fablic i de totes les edats. Com a novetat, la Regidoria de Festes ha organitzat per a enguany un Concurs de decoraci\u00f3 nadalenca en finestres i balcons amb l\u2019objectiu d\u2019ambientar m\u00e9s els carrers i fer-los m\u00e9s atractius. Les inscripcions estan obertes fins el 17 de desembre i hi hauran 3 premis, de 300, 150 i 75 euros, en xecs per a comprar en els comer\u00e7os associats.&nbsp;<\/p>\n\n\n\n<p>Les activitats comen\u00e7aran dem\u00e0 dimarts amb l\u2019encesa de l\u2019arbre de Nadal que han realitzat els usuaris del centre ocupacional de la Fundaci\u00f3 Integra Valldigna. Ser\u00e0 a les 18 hores en el passeig Pa\u00eds Valenci\u00e0 on tamb\u00e9 hi haur\u00e0 una actuaci\u00f3 de la Coral Mariny\u00e9n i tallers infantils. Esta setmana, dissabte 9 de desembre a les 20 hores tindr\u00e0 lloc a l\u2019esgl\u00e9sia de Sant Pere el tradicional Concert de Nadal a c\u00e0rrec de la Coral Mariny\u00e9n i la Coral Giltzarri Abesbatza de Lesaka (Navarra). A m\u00e9s, el 27 de desembre la Casa de la Cultura acollir\u00e0 el Concert de Nadal de la banda simf\u00f2nica de la SIUM a les 19 hores.<\/p>\n\n\n\n<p>Un dels plats forts d\u2019estos Nadal ser\u00e0 tamb\u00e9 la Nit de Cap d\u2019Any on els ve\u00efns i ve\u00efnes de Tavernes de la Valldigna tindran tres propostes per a acomiadar el 2023: revetla amb l\u2019orquestra Euforia a la pla\u00e7a Major, festa a la carpa La Lola al pol\u00edgon industrial o el Festivern, que enguany el dia 30 tindr\u00e0 la versi\u00f3 per als m\u00e9s menuts amb el Festivernet.&nbsp;&nbsp;&nbsp;<\/p>\n\n\n\n<p>Entre les activitats esportives destaquen la Cursa de Sant Silvestre el 28 de desembre, el campionat de futbet femen\u00ed organitzat per la Junta Local Fallera, el festival del Club Patinatge Tavernes de la Valldigna o el festival del Club Gimnasia R\u00edtimica la Valldigna. Els m\u00e9s joves podran gaudir d\u2019activitats com \u2018bubble soccer\u2019 o el \u2018escape bus\u2019, mentre que els m\u00e9s menuts podran participar en tallers de Nadal o el club de lectura.&nbsp;<\/p>\n\n\n\n<p>Unes propostes on per supost no faltar\u00e0 la visita del Pare Noel el 23 de desembre, el Campament Reial el 4 de gener o el dia 5 la Visita dels Reis d\u2019Orient a la platja i de vesprada la Cavalcada de Reis.&nbsp;&nbsp;<\/p>\n\n\n\n<p>El regidor de Festes, Carlos Torres, ha explicat que amb la p\u00e0gina web \u201cvolem facilitar l&#8217;acc\u00e9s a tot el que Tavernes de la Valldigna t\u00e9 per a oferir durant aquestes festes\u201d. \u201cPodeu explorar el calendari d&#8217;esdeveniments, con\u00e8ixer detalls sobre les ubicacions i horaris, i fins i tot participar en algunes activitats mitjan\u00e7ant inscripcions en l\u00ednia. Una iniciativa que busca promoure la participaci\u00f3 i la inclusi\u00f3 de tota la poblaci\u00f3 en les celebracions de Nadal. Estem compromesos a oferir una experi\u00e8ncia festiva \u00fanica i inoblidable, i la nostra nova web \u00e9s la guia virtual per viure a fons aquestes dates tan especials\u201d, ha afegit Carlos Torres.<\/p>\n","protected":false},"excerpt":{"rendered":"<p>L\u2019Ajuntament estrena la web \u2018Nadal a Tavernes\u2019 que recull tota la programaci\u00f3 de les festes<br \/>\nCom a novetat, la Regidoria de Festes, ha organitzat un Concurs de decoraci\u00f3 nadalenca en finestres i balcons amb premis en xecs per a comprar al comer\u00e7 local<br \/>\nLa Nit de Cap d\u2019Any els ve\u00efns i ve\u00efnes de Tavernes podran gaudir de tres festes: revetla amb l\u2019orquestra Euforia en la pla\u00e7a Major, festa a la carpa del pol\u00edgon industrial i el Festivern<br \/>\nTavernes, 4 de desembre de 2023. L\u2019Ajuntament de Tavernes de la Valldigna ha estrenat la p\u00e0gina web \u2018Nadal a Tavernes\u2019 (https:\/\/nadalatavernes.es) on \u00e9s recull tota la programaci\u00f3 de les pr\u00f2ximes festes. Entre els continguts destaquen el saluda de l\u2019alcaldessa Lara Romero desitjant unes bones festes a tots els ve\u00efns i ve\u00efnes, a m\u00e9s d\u2019un complet calendari amb totes les activitats per a estes dates i la campanya de l\u2019Associaci\u00f3 de Comerciants de Tavernes.<br \/>\nUna extensa programaci\u00f3 amb moltes activitats culturals, musicals, esportives i l\u00fadiques pensades per a tot tipus de p\u00fablic i de totes les edats. Com a novetat, la Regidoria de Festes ha organitzat per a enguany un Concurs de decoraci\u00f3 nadalenca en finestres i balcons amb l\u2019objectiu d\u2019ambientar m\u00e9s els carrers i fer-los m\u00e9s atractius. Les inscripcions estan obertes fins el 17 de desembre i hi hauran 3 premis, de 300, 150 i 75 euros, en xecs per a comprar en els comer\u00e7os associats.<br \/>\nLes activitats comen\u00e7aran dem\u00e0 dimarts amb l\u2019encesa de l\u2019arbre de Nadal que han realitzat els usuaris del centre ocupacional de la Fundaci\u00f3 Integra Valldigna. Ser\u00e0 a les 18 hores en el passeig Pa\u00eds Valenci\u00e0 on tamb\u00e9 hi haur\u00e0 una actuaci\u00f3 de la Coral Mariny\u00e9n i tallers infantils. Esta setmana, dissabte 9 de desembre a les 20 hores tindr\u00e0 lloc a l\u2019esgl\u00e9sia de Sant Pere el tradicional Concert de Nadal a c\u00e0rrec de la Coral Mariny\u00e9n i la Coral Giltzarri Abesbatza de Lesaka (Navarra). A m\u00e9s, el 27 de desembre la Casa de la Cultura acollir\u00e0 el Concert de Nadal de la banda simf\u00f2nica de la SIUM a les 19 hores.<br \/>\nUn dels plats forts d\u2019estos Nadal ser\u00e0 tamb\u00e9 la Nit de Cap d\u2019Any on els ve\u00efns i ve\u00efnes de Tavernes de la Valldigna tindran tres propostes per a acomiadar el 2023: revetla amb l\u2019orquestra Euforia a la pla\u00e7a Major, festa a la carpa La Lola al pol\u00edgon industrial o el Festivern, que enguany el dia 30 tindr\u00e0 la versi\u00f3 per als m\u00e9s menuts amb el Festivernet.<br \/>\nEntre les activitats esportives destaquen la Cursa de Sant Silvestre el 28 de desembre, el campionat de futbet femen\u00ed organitzat per la Junta Local Fallera, el festival del Club Patinatge Tavernes de la Valldigna o el festival del Club Gimnasia R\u00edtimica la Valldigna. Els m\u00e9s joves podran gaudir d\u2019activitats com \u2018bubble soccer\u2019 o el \u2018escape bus\u2019, mentre que els m\u00e9s menuts podran participar en tallers de Nadal o el club de lectura.<br \/>\nUnes propostes on per supost no faltar\u00e0 la visita del Pare Noel el 23 de desembre, el Campament Reial el 4 de gener o el dia 5 la Visita dels Reis d\u2019Orient a la platja i de vesprada la Cavalcada de Reis.<br \/>\nEl regidor de Festes, Carlos Torres, ha explicat que amb la p\u00e0gina web \u201cvolem facilitar l&#8217;acc\u00e9s a tot el que Tavernes de la Valldigna t\u00e9 per a oferir durant aquestes festes\u201d. \u201cPodeu explorar el calendari d&#8217;esdeveniments, con\u00e8ixer detalls sobre les ubicacions i horaris, i fins i tot participar en algunes activitats mitjan\u00e7ant inscripcions en l\u00ednia. Una iniciativa que busca promoure la participaci\u00f3 i la inclusi\u00f3 de tota la poblaci\u00f3 en les celebracions de Nadal. Estem compromesos a oferir una experi\u00e8ncia festiva \u00fanica i inoblidable, i la nostra nova web \u00e9s la guia virtual per viure a fons aquestes dates tan especials\u201d, ha afegit Carlos Torres.<\/p>\n","protected":false},"author":1,"featured_media":2046,"comment_status":"open","ping_status":"open","sticky":false,"template":"","format":"standard","meta":{"footnotes":""},"categories":[1,3],"tags":[],"class_list":["post-2045","post","type-post","status-publish","format-standard","has-post-thumbnail","hentry","category-actualidad","category-politica"],"_links":{"self":[{"href":"https:\/\/infogandia.es\/index.php\/wp-json\/wp\/v2\/posts\/2045","targetHints":{"allow":["GET"]}}],"collection":[{"href":"https:\/\/infogandia.es\/index.php\/wp-json\/wp\/v2\/posts"}],"about":[{"href":"https:\/\/infogandia.es\/index.php\/wp-json\/wp\/v2\/types\/post"}],"author":[{"embeddable":true,"href":"https:\/\/infogandia.es\/index.php\/wp-json\/wp\/v2\/users\/1"}],"replies":[{"embeddable":true,"href":"https:\/\/infogandia.es\/index.php\/wp-json\/wp\/v2\/comments?post=2045"}],"version-history":[{"count":1,"href":"https:\/\/infogandia.es\/index.php\/wp-json\/wp\/v2\/posts\/2045\/revisions"}],"predecessor-version":[{"id":2047,"href":"https:\/\/infogandia.es\/index.php\/wp-json\/wp\/v2\/posts\/2045\/revisions\/2047"}],"wp:featuredmedia":[{"embeddable":true,"href":"https:\/\/infogandia.es\/index.php\/wp-json\/wp\/v2\/media\/2046"}],"wp:attachment":[{"href":"https:\/\/infogandia.es\/index.php\/wp-json\/wp\/v2\/media?parent=2045"}],"wp:term":[{"taxonomy":"category","embeddable":true,"href":"https:\/\/infogandia.es\/index.php\/wp-json\/wp\/v2\/categories?post=2045"},{"taxonomy":"post_tag","embeddable":true,"href":"https:\/\/infogandia.es\/index.php\/wp-json\/wp\/v2\/tags?post=2045"}],"curies":[{"name":"wp","href":"https:\/\/api.w.org\/{rel}","templated":true}]}}