{"id":2048,"date":"2023-12-05T10:21:05","date_gmt":"2023-12-05T10:21:05","guid":{"rendered":"https:\/\/infogandia.es\/?p=2048"},"modified":"2023-12-05T10:21:05","modified_gmt":"2023-12-05T10:21:05","slug":"exito-de-publico-en-la-ii-feria-de-monte-de-la-safor","status":"publish","type":"post","link":"https:\/\/infogandia.es\/index.php\/2023\/12\/05\/exito-de-publico-en-la-ii-feria-de-monte-de-la-safor\/","title":{"rendered":"\u00c9xito de p\u00fablico en la II Feria de Monte de la Safor"},"content":{"rendered":"\n<p>\u00c9xito absoluto de la II edici\u00f3n de la Feria de Monta\u00f1a de la Safor celebrada del 30 de noviembre a ayer domingo 3 de diciembre, que acogi\u00f3 a m\u00e1s de 250 personas venidas de diferentes partes de la comarca.<\/p>\n\n\n\n<p>La iniciativa surgi\u00f3 del departamento de Medio Ambiente, y estuvo organizada por el Centro Excursionista de Gandia, un club de referencia en el mundo del excursionismo, el alpinismo y la espeleolog\u00eda. El evento cont\u00f3 con m\u00e1s de 50 actividades cuyo objetivo, m\u00e1s all\u00e1 de promover el deporte, era convertir a la ciudad en un punto de referencia paisaj\u00edstico, cultural y medioambiental.<\/p>\n\n\n\n<p>La concejala delegada de Medio Ambiente, Al\u00edcia Izquierdo, ha asegurado que su departamento est\u00e1 &#8220;muy satisfecho&#8221; con la organizaci\u00f3n y todos los eventos que se han llevado a cabo a lo largo de los cuatro d\u00edas. &#8220;Este a\u00f1o, la feria ha mejorado mucho el nivel de la cantidad y la calidad de sus actividades&#8221;, ha comentado.<\/p>\n\n\n\n<p>Entre otras cosas, se realizaron siete excursiones a lugares como la Cueva de las Maravillas o el Morabit, y se prepararon presentaciones de libros, mercados, y charlas sobre temas como la fauna o los incendios forestales.<\/p>\n\n\n\n<p>Adem\u00e1s tuvo lugar la II Muestra de Cine de Monta\u00f1a, un ciclo de documentales que se llev\u00f3 a cabo en el Teatro Serrano y cont\u00f3 con la participaci\u00f3n de personas muy relevantes en el \u00e1mbito del senderismo y el alpinismo nacional.<\/p>\n\n\n\n<p>La idea, tal y como ha explicado el edil, es que \u00abla feria se consolide y pueda volver a celebrarse el&nbsp;pr\u00f3ximo&nbsp;2024\u00bb.<\/p>\n","protected":false},"excerpt":{"rendered":"<p>\u00c9xito de p\u00fablico en la II Feria de Monte de la Safor. <\/p>\n","protected":false},"author":1,"featured_media":2049,"comment_status":"open","ping_status":"open","sticky":false,"template":"","format":"standard","meta":{"footnotes":""},"categories":[1,6],"tags":[68,30],"class_list":["post-2048","post","type-post","status-publish","format-standard","has-post-thumbnail","hentry","category-actualidad","category-economia","tag-68","tag-gandia"],"_links":{"self":[{"href":"https:\/\/infogandia.es\/index.php\/wp-json\/wp\/v2\/posts\/2048","targetHints":{"allow":["GET"]}}],"collection":[{"href":"https:\/\/infogandia.es\/index.php\/wp-json\/wp\/v2\/posts"}],"about":[{"href":"https:\/\/infogandia.es\/index.php\/wp-json\/wp\/v2\/types\/post"}],"author":[{"embeddable":true,"href":"https:\/\/infogandia.es\/index.php\/wp-json\/wp\/v2\/users\/1"}],"replies":[{"embeddable":true,"href":"https:\/\/infogandia.es\/index.php\/wp-json\/wp\/v2\/comments?post=2048"}],"version-history":[{"count":1,"href":"https:\/\/infogandia.es\/index.php\/wp-json\/wp\/v2\/posts\/2048\/revisions"}],"predecessor-version":[{"id":2050,"href":"https:\/\/infogandia.es\/index.php\/wp-json\/wp\/v2\/posts\/2048\/revisions\/2050"}],"wp:featuredmedia":[{"embeddable":true,"href":"https:\/\/infogandia.es\/index.php\/wp-json\/wp\/v2\/media\/2049"}],"wp:attachment":[{"href":"https:\/\/infogandia.es\/index.php\/wp-json\/wp\/v2\/media?parent=2048"}],"wp:term":[{"taxonomy":"category","embeddable":true,"href":"https:\/\/infogandia.es\/index.php\/wp-json\/wp\/v2\/categories?post=2048"},{"taxonomy":"post_tag","embeddable":true,"href":"https:\/\/infogandia.es\/index.php\/wp-json\/wp\/v2\/tags?post=2048"}],"curies":[{"name":"wp","href":"https:\/\/api.w.org\/{rel}","templated":true}]}}