{"id":2054,"date":"2023-12-05T10:26:16","date_gmt":"2023-12-05T10:26:16","guid":{"rendered":"https:\/\/infogandia.es\/?p=2054"},"modified":"2023-12-05T10:26:16","modified_gmt":"2023-12-05T10:26:16","slug":"arranca-el-6o-consejo-de-la-infancia-de-gandia","status":"publish","type":"post","link":"https:\/\/infogandia.es\/index.php\/2023\/12\/05\/arranca-el-6o-consejo-de-la-infancia-de-gandia\/","title":{"rendered":"Arranca el 6\u00ba Consejo de la Infancia de Gandia"},"content":{"rendered":"\n<p>El pasado s\u00e1bado se constituy\u00f3 en el sal\u00f3n de plenarios del Ayuntamiento la sexta edici\u00f3n del Consejo de la Infancia de Gandia, en un acto presidido por el alcalde de Gandia, Jos\u00e9 Manuel Prieto y la concejala delegada de Infancia, Esther Sapena.<\/p>\n\n\n\n<p>As\u00ed, se estren\u00f3 en el ejercicio 2023-2024 con el programa de participaci\u00f3n infantil y defensa de los derechos de la infancia: &#8220;La Infancia Toma el Micro&#8221;. Los 30 ni\u00f1os y ni\u00f1as que formar\u00e1n parte del \u00f3rgano consultivo preguntaron al alcalde sobre diferentes temas que les preocupan, como la apertura de los patios de los centros educativos para jugar con ellos; m\u00e1s arbolado y zonas verdes; la instalaci\u00f3n de sanitarios p\u00fablicos; m\u00e1s fuentes; parques para perros; la mejora de los carriles bici o la habilitaci\u00f3n del trinquete, entre otras cuestiones.<\/p>\n\n\n\n<p>Por otro lado, el alcalde anunci\u00f3 la apertura estas fiestas del nuevo parque de grandes dimensiones en Ro\u00eds de Corella: &#8220;Este parque, que pronto podr\u00e1 disfrutar, incluye nuevos elementos para el deporte o jugar a la petanca y un nuevo SkatePark, as\u00ed como una nueva zona verde, nueva iluminaci\u00f3n y, en definitiva, un renovado espacio p\u00fablico que favorecer\u00e1 el paseo e ir en bicicleta, aspectos que le han interesado esta tarde\u201d.<\/p>\n\n\n\n<p>Resultados del concurso de dibujo para el nuevo parque estilo &#8216;Gulliver&#8217;<\/p>\n\n\n\n<p>Otra zona de juegos importante ser\u00e1 la que se ubicar\u00e1 en el parque Ausi\u00e0s March, al estilo del &#8216;Gulliver&#8217; de Valencia, una petici\u00f3n que viene a iniciativa del Consejo de la Infancia anterior. En este sentido, el alcalde asegur\u00f3 que se est\u00e1 trabajando en el proyecto definitivo, teniendo en cuenta las propuestas del consejo, a trav\u00e9s del concurso de dibujo realizado en primavera, que ya tiene ganadores y ganadoras: &#8220;Todos y todas las participantes , en general, han desarrollado en sus dibujos dise\u00f1os con elementos t\u00edpicos del patrimonio cultural de Gand\u00eda, el Castillo de Bair\u00e9n; la Sede; el Palacio; de nuestros maravillosos espacios naturales, como el Mond\u00faver, el Parque Natural Parpall\u00f3-Borrell, la cueva del Parpall\u00f3, la playa, el puerto, con personajes hist\u00f3ricos y representativos de la ciudad que perduran y debemos hacer perdurar en el tiempo, como el T\u00edo de la Porra, la Delic\u00e1n de Gand\u00eda, la familia Borja o de nuestra cultura gastron\u00f3mica y elementos que forman parte de nuestras fiestas\u201d.<\/p>\n\n\n\n<p>Adem\u00e1s, el alcalde tambi\u00e9n ha a\u00f1adido que \u201cmuchas de las propuestas recibidas inclu\u00edan el estilo de un personaje famoso, de gran tama\u00f1o, estilo Gulliver, con partes del cuerpo con toboganes y que se ha tenido muy en cuenta incorporar juegos inclusivos para garantizar la accesibilidad de todos y todas las ni\u00f1as\u201d.<\/p>\n\n\n\n<p>El alcalde anunci\u00f3 durante el acto los ganadores del concurso de dibujo que se celebr\u00f3 la pasada primavera. Una vez reunido el jurado t\u00e9cnico del Ayuntamiento y analizadas las mejores propuestas, que ya fueron identificadas por el Consejo de la Infancia, se han destacado tres ganadores:<\/p>\n\n\n\n<p>Uno del segundo ciclo de primaria:<\/p>\n\n\n\n<p>TESSA GRADO P\u00c9REZ<\/p>\n\n\n\n<p>T\u00edtulo: EL PUERTO DE GANDIA<\/p>\n\n\n\n<p>Centro: CEIP Bot\u00e1nico Cavanilles. 3er<\/p>\n\n\n\n<p>Uno del tercer ciclo de primaria:<\/p>\n\n\n\n<p>JOEL CANTOS PLAN<\/p>\n\n\n\n<p>T\u00edtulo: PARQUE AUSI\u00c0S MARCH<\/p>\n\n\n\n<p>Centro: Escolapias. 5\u00ba<\/p>\n\n\n\n<p>Y el ganador absoluto:<\/p>\n\n\n\n<p>STEFANO DI CARLO DOMINGUEZ<\/p>\n\n\n\n<p>T\u00edtulo: PARQUE DEL TIO Y LA FIDEU\u00c0<\/p>\n\n\n\n<p>Centro: CEIP Bot\u00e1nico Cavanilles, 6\u00ba<\/p>\n\n\n\n<p>En los pr\u00f3ximos d\u00edas se les citar\u00e1 en el Ayuntamiento para hacer la entrega de premios.<\/p>\n\n\n\n<p>Por \u00faltimo, Esther Sapena, alent\u00f3 a los ni\u00f1os y ni\u00f1as que se estrenaban en el cargo de consejeros y consejeras: &#8220;Veo 30 caras llenas de energ\u00eda, ideas y sue\u00f1os, que son la voz de nuestra infancia\u2026 responsables de favorecer y promover el cumplimiento de estos derechos, contribuyendo as\u00ed a la construcci\u00f3n de un entorno donde cada ni\u00f1o (ni\u00f1o) pueda crecer en un ambiente seguro, saludable y lleno de oportunidades\u2026 Os deseo un viaje lleno experiencias positivas que refuerzan su autonom\u00eda personal y os permita crecer como individuos comprometidos con la construcci\u00f3n de un&nbsp;futuro&nbsp;mejor\u201d.<\/p>\n","protected":false},"excerpt":{"rendered":"<p>El pasado s\u00e1bado se constituy\u00f3 en el sal\u00f3n de plenarios del Ayuntamiento la sexta edici\u00f3n del Consejo de la Infancia de Gandia, en un acto presidido por el alcalde de Gandia, Jos\u00e9 Manuel Prieto y la concejala delegada de Infancia, Esther Sapena. As\u00ed, se estren\u00f3 en el ejercicio 2023-2024 con el programa de participaci\u00f3n infantil&#8230;<\/p>\n","protected":false},"author":1,"featured_media":2055,"comment_status":"open","ping_status":"open","sticky":false,"template":"","format":"standard","meta":{"footnotes":""},"categories":[1],"tags":[],"class_list":["post-2054","post","type-post","status-publish","format-standard","has-post-thumbnail","hentry","category-actualidad"],"_links":{"self":[{"href":"https:\/\/infogandia.es\/index.php\/wp-json\/wp\/v2\/posts\/2054","targetHints":{"allow":["GET"]}}],"collection":[{"href":"https:\/\/infogandia.es\/index.php\/wp-json\/wp\/v2\/posts"}],"about":[{"href":"https:\/\/infogandia.es\/index.php\/wp-json\/wp\/v2\/types\/post"}],"author":[{"embeddable":true,"href":"https:\/\/infogandia.es\/index.php\/wp-json\/wp\/v2\/users\/1"}],"replies":[{"embeddable":true,"href":"https:\/\/infogandia.es\/index.php\/wp-json\/wp\/v2\/comments?post=2054"}],"version-history":[{"count":1,"href":"https:\/\/infogandia.es\/index.php\/wp-json\/wp\/v2\/posts\/2054\/revisions"}],"predecessor-version":[{"id":2056,"href":"https:\/\/infogandia.es\/index.php\/wp-json\/wp\/v2\/posts\/2054\/revisions\/2056"}],"wp:featuredmedia":[{"embeddable":true,"href":"https:\/\/infogandia.es\/index.php\/wp-json\/wp\/v2\/media\/2055"}],"wp:attachment":[{"href":"https:\/\/infogandia.es\/index.php\/wp-json\/wp\/v2\/media?parent=2054"}],"wp:term":[{"taxonomy":"category","embeddable":true,"href":"https:\/\/infogandia.es\/index.php\/wp-json\/wp\/v2\/categories?post=2054"},{"taxonomy":"post_tag","embeddable":true,"href":"https:\/\/infogandia.es\/index.php\/wp-json\/wp\/v2\/tags?post=2054"}],"curies":[{"name":"wp","href":"https:\/\/api.w.org\/{rel}","templated":true}]}}