{"id":2061,"date":"2023-12-05T10:29:47","date_gmt":"2023-12-05T10:29:47","guid":{"rendered":"https:\/\/infogandia.es\/?p=2061"},"modified":"2023-12-05T10:29:47","modified_gmt":"2023-12-05T10:29:47","slug":"el-ex-conseller-de-justicia-y-juez-fernando-de-rosa-habla-en-gandia-sobre-la-ley-de-amnistia","status":"publish","type":"post","link":"https:\/\/infogandia.es\/index.php\/2023\/12\/05\/el-ex-conseller-de-justicia-y-juez-fernando-de-rosa-habla-en-gandia-sobre-la-ley-de-amnistia\/","title":{"rendered":"El ex conseller de Justicia y Juez, Fernando de Rosa habla en Gandia sobre la Ley de Amnist\u00eda"},"content":{"rendered":"\n<p>La actividad del Partido Popular de Ganda sigue activa con la puesta en marcha de un nuevo ciclo de &#8220;Charlas Populares&#8221; para tratar temas de la actualidad pol\u00edtica nacional y auton\u00f3mica.<\/p>\n\n\n\n<p>El primero de estos coloquios ha estado a cargo del diputado nacional del Partido Popular en el Congreso de los Diputados, ex Conseller de Justicia y Magistrado, Fernando de Rosa, para tratar aspectos de la ley de amnist\u00eda presentada por el PSOE de Pedro S\u00e1nchez, su inconstitucionalidad y la quiebra del principio de igualdad entre todos los espa\u00f1oles.<\/p>\n\n\n\n<p>El encuentro ha tenido lugar hoy lunes, 4 de diciembre, a las 19:30 horas en la sede de los populares gandienses situada en la calle Pellers, 11.<\/p>\n\n\n\n<p>Para el Presidente del Partido Popular en Gandia, V\u00edctor Soler Beneyto, &#8220;este ciclo de charlas que ponemos en marcha pretende acercar la pol\u00edtica nacional y auton\u00f3mica, as\u00ed como lo temas de inter\u00e9s general a los gandienses para que puedan tener toda la informaci\u00f3n de c\u00f3mo la grandes decisiones afectan&nbsp;a&nbsp;su&nbsp;d\u00eda&nbsp;a&nbsp;d\u00eda&#8221;<\/p>\n","protected":false},"excerpt":{"rendered":"<p>El ex conseller de Justicia y Juez, Fernando de Rosa habla en Gandia sobre la Ley de Amnist\u00eda.<\/p>\n","protected":false},"author":1,"featured_media":2062,"comment_status":"open","ping_status":"open","sticky":false,"template":"","format":"standard","meta":{"footnotes":""},"categories":[1,3],"tags":[68,30],"class_list":["post-2061","post","type-post","status-publish","format-standard","has-post-thumbnail","hentry","category-actualidad","category-politica","tag-68","tag-gandia"],"_links":{"self":[{"href":"https:\/\/infogandia.es\/index.php\/wp-json\/wp\/v2\/posts\/2061","targetHints":{"allow":["GET"]}}],"collection":[{"href":"https:\/\/infogandia.es\/index.php\/wp-json\/wp\/v2\/posts"}],"about":[{"href":"https:\/\/infogandia.es\/index.php\/wp-json\/wp\/v2\/types\/post"}],"author":[{"embeddable":true,"href":"https:\/\/infogandia.es\/index.php\/wp-json\/wp\/v2\/users\/1"}],"replies":[{"embeddable":true,"href":"https:\/\/infogandia.es\/index.php\/wp-json\/wp\/v2\/comments?post=2061"}],"version-history":[{"count":1,"href":"https:\/\/infogandia.es\/index.php\/wp-json\/wp\/v2\/posts\/2061\/revisions"}],"predecessor-version":[{"id":2063,"href":"https:\/\/infogandia.es\/index.php\/wp-json\/wp\/v2\/posts\/2061\/revisions\/2063"}],"wp:featuredmedia":[{"embeddable":true,"href":"https:\/\/infogandia.es\/index.php\/wp-json\/wp\/v2\/media\/2062"}],"wp:attachment":[{"href":"https:\/\/infogandia.es\/index.php\/wp-json\/wp\/v2\/media?parent=2061"}],"wp:term":[{"taxonomy":"category","embeddable":true,"href":"https:\/\/infogandia.es\/index.php\/wp-json\/wp\/v2\/categories?post=2061"},{"taxonomy":"post_tag","embeddable":true,"href":"https:\/\/infogandia.es\/index.php\/wp-json\/wp\/v2\/tags?post=2061"}],"curies":[{"name":"wp","href":"https:\/\/api.w.org\/{rel}","templated":true}]}}