{"id":2078,"date":"2023-12-05T20:21:18","date_gmt":"2023-12-05T20:21:18","guid":{"rendered":"https:\/\/infogandia.es\/?p=2078"},"modified":"2023-12-05T20:21:22","modified_gmt":"2023-12-05T20:21:22","slug":"el-paseo-del-moll-dels-borja-ya-es-titularidad-de-gandia","status":"publish","type":"post","link":"https:\/\/infogandia.es\/index.php\/2023\/12\/05\/el-paseo-del-moll-dels-borja-ya-es-titularidad-de-gandia\/","title":{"rendered":"El Paseo del Moll dels Borja ya es titularidad de Gandia"},"content":{"rendered":"\n<p>As\u00ed lo ha anunciado esta ma\u00f1ana la Autoridad Portuaria de Val\u00e8ncia (APV) en la segunda reuni\u00f3n de su Consejo de Administraci\u00f3n tras la llegada de Mar Chao a la presidencia del organismo portuario.El Consejo de la APV ha aprobado la Propuesta de Delimitaci\u00f3n de los Espacios de Usos Portuarios (DEUP) del Puerto de Gandia, que se anunci\u00f3 en el a\u00f1o 2021. En esta propuesta, el consistorio gandiense y la APV hablaban de una cesi\u00f3n a la ciudad de un total de 17.500 metros cuadrados de superficie.La propuesta contemplaba la cesi\u00f3n del conocido Paseo Moll dels Borja, el parque p\u00fablico situado entre el l\u00edmite del puerto y Venecia, la plaza que se encuentra entre el paseo mar\u00edtimo, el Club N\u00e1utico y la d\u00e1rsena portuaria y el uso p\u00fablico de los tinglados.Por el momento, y \u00abcomo una primera fase\u00bb de esta propuesta para mejorar la relaci\u00f3n puerto-ciudad, la APV ha aprobado la desafecci\u00f3n para uso ciudadano del \u00e1rea norte del puerto conocida como Paseo del Moll dels Borja, hasta unos metros previos al cantil.Adem\u00e1s, la aprobaci\u00f3n de la DEUP tambi\u00e9n contempla que la playa de Venecia pase a estar gestionada por la Direcci\u00f3n General de Costas. As\u00ed mismo, se propiciar\u00e1 para uso ciudadano los Tinglados del Puerto. Se espera que el resto de propuestas realizadas en 2021 se vayan gestionando con la ciudad a trav\u00e9s de convenios con la APV con el fin de completar ese acuerdo.<\/p>\n\n\n\n<p><\/p>\n","protected":false},"excerpt":{"rendered":"<p>El Paseo del Moll dels Borja ya es titularidad de Gandia.<\/p>\n","protected":false},"author":1,"featured_media":2075,"comment_status":"open","ping_status":"open","sticky":false,"template":"","format":"standard","meta":{"footnotes":""},"categories":[1],"tags":[68,30],"class_list":["post-2078","post","type-post","status-publish","format-standard","has-post-thumbnail","hentry","category-actualidad","tag-68","tag-gandia"],"_links":{"self":[{"href":"https:\/\/infogandia.es\/index.php\/wp-json\/wp\/v2\/posts\/2078","targetHints":{"allow":["GET"]}}],"collection":[{"href":"https:\/\/infogandia.es\/index.php\/wp-json\/wp\/v2\/posts"}],"about":[{"href":"https:\/\/infogandia.es\/index.php\/wp-json\/wp\/v2\/types\/post"}],"author":[{"embeddable":true,"href":"https:\/\/infogandia.es\/index.php\/wp-json\/wp\/v2\/users\/1"}],"replies":[{"embeddable":true,"href":"https:\/\/infogandia.es\/index.php\/wp-json\/wp\/v2\/comments?post=2078"}],"version-history":[{"count":1,"href":"https:\/\/infogandia.es\/index.php\/wp-json\/wp\/v2\/posts\/2078\/revisions"}],"predecessor-version":[{"id":2079,"href":"https:\/\/infogandia.es\/index.php\/wp-json\/wp\/v2\/posts\/2078\/revisions\/2079"}],"wp:featuredmedia":[{"embeddable":true,"href":"https:\/\/infogandia.es\/index.php\/wp-json\/wp\/v2\/media\/2075"}],"wp:attachment":[{"href":"https:\/\/infogandia.es\/index.php\/wp-json\/wp\/v2\/media?parent=2078"}],"wp:term":[{"taxonomy":"category","embeddable":true,"href":"https:\/\/infogandia.es\/index.php\/wp-json\/wp\/v2\/categories?post=2078"},{"taxonomy":"post_tag","embeddable":true,"href":"https:\/\/infogandia.es\/index.php\/wp-json\/wp\/v2\/tags?post=2078"}],"curies":[{"name":"wp","href":"https:\/\/api.w.org\/{rel}","templated":true}]}}