{"id":2091,"date":"2023-12-12T08:33:57","date_gmt":"2023-12-12T08:33:57","guid":{"rendered":"https:\/\/infogandia.es\/?p=2091"},"modified":"2023-12-12T08:33:58","modified_gmt":"2023-12-12T08:33:58","slug":"el-sector-del-arte-sera-el-protagonista-de-la-nueva-edicion-de-fira-mercat-gandia","status":"publish","type":"post","link":"https:\/\/infogandia.es\/index.php\/2023\/12\/12\/el-sector-del-arte-sera-el-protagonista-de-la-nueva-edicion-de-fira-mercat-gandia\/","title":{"rendered":"El sector del arte ser\u00e1 el protagonista de la nueva edici\u00f3n de Fira Mercat Gandia"},"content":{"rendered":"\n<p>El Ayuntamiento de Gandia presenta la pr\u00f3xima Fira Mercat, que se celebrar\u00e1 entre el 14 y el 17 de noviembre en el mercado municipal de la plaza del Prado y abrir\u00e1 de 11:00 a 13:30 y de 17.00 a 21.00 horas.<\/p>\n\n\n\n<p>Esta vez se podr\u00e1n visitar los stands de 4 colectivos y 11 profesionales relacionados con diferentes disciplinas art\u00edsticas que ir\u00e1n desde la pintura hasta la fotograf\u00eda.<\/p>\n\n\n\n<p>Entre otras cosas, esta Feria de Arte contar\u00e1 con la participaci\u00f3n de la escuela Garabart o la tienda de material Bellas Artes Tex. Adem\u00e1s, tambi\u00e9n acoger\u00e1 al club de pintura Ojos de Mussol y al C\u00edrculo Art\u00edstico de Valencia, que han formado parte de la organizaci\u00f3n del evento.<\/p>\n\n\n\n<p>Tras el \u00e9xito de la pasada edici\u00f3n, la concejala delegada de Pol\u00edticas Econ\u00f3micas y Comercio, Elena Moncho, ha invitado a la ciudadan\u00eda a visitar esta muestra. &#8220;Gandia es una ciudad art\u00edsticamente rica en muchos \u00e1mbitos y estamos seguros de que la oferta que se presenta en esta edici\u00f3n ser\u00e1 del agrado de todos&#8221;.<\/p>\n\n\n\n<p>ARTISTAS INDIVIDUALES QUE PARTICIPAN:<\/p>\n\n\n\n<p>Juan Jos\u00e9 Pedro Gomar<br>Raquel Leoz<br>\u00c1ngeles Gregori<br>Concha Peir\u00f3<br>\u00c1ngeles Puig<br>Aitor Carretero<br>Juan Pascual<br>Josep Bataller<br>Pilar Ruiz Panero<br>Clara (Fotograf\u00eda)<br>Vicente&nbsp;Auni\u00f3n<\/p>\n","protected":false},"excerpt":{"rendered":"<p>El sector del arte ser\u00e1 el protagonista de la nueva edici\u00f3n de Fira Mercat Gandia. <\/p>\n","protected":false},"author":1,"featured_media":2092,"comment_status":"open","ping_status":"open","sticky":false,"template":"","format":"standard","meta":{"footnotes":""},"categories":[1,27],"tags":[68,30],"class_list":["post-2091","post","type-post","status-publish","format-standard","has-post-thumbnail","hentry","category-actualidad","category-sociedad","tag-68","tag-gandia"],"_links":{"self":[{"href":"https:\/\/infogandia.es\/index.php\/wp-json\/wp\/v2\/posts\/2091","targetHints":{"allow":["GET"]}}],"collection":[{"href":"https:\/\/infogandia.es\/index.php\/wp-json\/wp\/v2\/posts"}],"about":[{"href":"https:\/\/infogandia.es\/index.php\/wp-json\/wp\/v2\/types\/post"}],"author":[{"embeddable":true,"href":"https:\/\/infogandia.es\/index.php\/wp-json\/wp\/v2\/users\/1"}],"replies":[{"embeddable":true,"href":"https:\/\/infogandia.es\/index.php\/wp-json\/wp\/v2\/comments?post=2091"}],"version-history":[{"count":1,"href":"https:\/\/infogandia.es\/index.php\/wp-json\/wp\/v2\/posts\/2091\/revisions"}],"predecessor-version":[{"id":2096,"href":"https:\/\/infogandia.es\/index.php\/wp-json\/wp\/v2\/posts\/2091\/revisions\/2096"}],"wp:featuredmedia":[{"embeddable":true,"href":"https:\/\/infogandia.es\/index.php\/wp-json\/wp\/v2\/media\/2092"}],"wp:attachment":[{"href":"https:\/\/infogandia.es\/index.php\/wp-json\/wp\/v2\/media?parent=2091"}],"wp:term":[{"taxonomy":"category","embeddable":true,"href":"https:\/\/infogandia.es\/index.php\/wp-json\/wp\/v2\/categories?post=2091"},{"taxonomy":"post_tag","embeddable":true,"href":"https:\/\/infogandia.es\/index.php\/wp-json\/wp\/v2\/tags?post=2091"}],"curies":[{"name":"wp","href":"https:\/\/api.w.org\/{rel}","templated":true}]}}