{"id":2105,"date":"2023-12-12T08:40:29","date_gmt":"2023-12-12T08:40:29","guid":{"rendered":"https:\/\/infogandia.es\/?p=2105"},"modified":"2023-12-12T08:40:29","modified_gmt":"2023-12-12T08:40:29","slug":"el-ayuntamiento-de-tavernes-celebra-la-junta-de-seguridad-local-presidida-por-la-subdelegada-del-govern-raquel-ibanez","status":"publish","type":"post","link":"https:\/\/infogandia.es\/index.php\/2023\/12\/12\/el-ayuntamiento-de-tavernes-celebra-la-junta-de-seguridad-local-presidida-por-la-subdelegada-del-govern-raquel-ibanez\/","title":{"rendered":"El Ayuntamiento de Tavernes celebra la Junta de Seguridad Local presidida por la subdelegada del Govern, Raquel Ib\u00e1\u00f1ez"},"content":{"rendered":"\n<p>El Ayuntamiento de Tavernes de la Valldigna ha celebrado esta ma\u00f1ana la Junta de Seguridad Local que ha estado presidida por la subdelegada del Gobierno, Raquel Ib\u00e1\u00f1ez, y la alcaldesa Lara Romero. Una reuni\u00f3n en la que tambi\u00e9n estuvieron presentes la jefa de la Unidad de Coordinaci\u00f3n Contra la Violencia de G\u00e9nero de la Comunidad Valenciana, Carla Merc\u00e9 Torrella, y el concejal de Seguridad Ciudadana, Emilio Fonseca. Por parte de las Fuerzas y Cuerpos de Seguridad asistieron agentes de la Polic\u00eda Nacional de la comisar\u00eda de Gandia, el teniente de la Guardia Civil de Tavernes, Juan Carlos Rodr\u00edguez, y el jefe de la Polic\u00eda Local, Gin\u00e9s Ortega, as\u00ed como varios agentes del cuerpo policial.<br>En la Junta de Seguridad Local se analizaron las fechas de violencia de g\u00e9nero en la localidad y se decidi\u00f3 aumentar un agente m\u00e1s de Polic\u00eda Local para cubrir la atenci\u00f3n a las v\u00edctimas. El objetivo es que ese refuerzo de personal sirva para asegurar los protocolos relacionados en seguridad y asistencia a las v\u00edctimas, est\u00e9n mejor coordinados y sean m\u00e1s efectivos. De la misma forma la alcaldesa se ha comprometido a formar a la plantilla de la Polic\u00eda Local en materia de violencia de g\u00e9nero para mejorar tanto en las intervenciones como en el tratamiento directo con las v\u00edctimas.<br>La reuni\u00f3n tambi\u00e9n sirvi\u00f3 para revisar las actuaciones de vigilancia en zonas rurales para evitar robos en los campos desde las diferentes perspectivas de Guardia Civil, Polic\u00eda Local y Polic\u00eda Nacional. Todos coincidieron en se\u00f1alar que la situaci\u00f3n en Tavernes de la Valldigna por el momento no es alarmante y recordaron que se ha intensificado la vigilancia en el t\u00e9rmino municipal sobre todo en los turnos de noche.Tambi\u00e9n se han tratado en la Junta de Seguridad Local las ayudas que ha recibido la localidad para el Plan Corresponsables donde al Ayuntamiento de Tavernes de la Valldigna se le ha concedido una subvenci\u00f3n de cerca de 20.000 euros del Ministerio de Igualdad y donde se trabaja sobre todo en el apoyo de necesidades de conciliaci\u00f3n de las familias con menores de 16 a\u00f1os y en garantizar el cuidado de personas como derecho desde la \u00f3ptica de la igualdad entre mujeres y hombres.<br>En otro punto del d\u00eda de la reuni\u00f3n se ha abordado la disminuci\u00f3n de las infracciones penales en la localidad respecto al pasado a\u00f1o y los presentes tambi\u00e9n se han emplazado a una pr\u00f3xima reuni\u00f3n para la organizaci\u00f3n en materia de seguridad para el Festivierno. Un festival para el que la subdelegada del Gobierno, Raquel Ib\u00e1\u00f1ez, se ha comprometido a redoblar y facilitar la seguridad, si fuera necesario, para cubrir la llegada de miles de asistentes a Tavernes de la Valldigna durante la celebraci\u00f3n del\u00a0mismo\u00a0evento.<\/p>\n","protected":false},"excerpt":{"rendered":"<p>El Ayuntamiento de Tavernes celebra la Junta de Seguridad Local presidida por la subdelegada del Govern, Raquel Ib\u00e1\u00f1ez<\/p>\n","protected":false},"author":1,"featured_media":2109,"comment_status":"open","ping_status":"open","sticky":false,"template":"","format":"standard","meta":{"footnotes":""},"categories":[1,6],"tags":[],"class_list":["post-2105","post","type-post","status-publish","format-standard","has-post-thumbnail","hentry","category-actualidad","category-economia"],"_links":{"self":[{"href":"https:\/\/infogandia.es\/index.php\/wp-json\/wp\/v2\/posts\/2105","targetHints":{"allow":["GET"]}}],"collection":[{"href":"https:\/\/infogandia.es\/index.php\/wp-json\/wp\/v2\/posts"}],"about":[{"href":"https:\/\/infogandia.es\/index.php\/wp-json\/wp\/v2\/types\/post"}],"author":[{"embeddable":true,"href":"https:\/\/infogandia.es\/index.php\/wp-json\/wp\/v2\/users\/1"}],"replies":[{"embeddable":true,"href":"https:\/\/infogandia.es\/index.php\/wp-json\/wp\/v2\/comments?post=2105"}],"version-history":[{"count":1,"href":"https:\/\/infogandia.es\/index.php\/wp-json\/wp\/v2\/posts\/2105\/revisions"}],"predecessor-version":[{"id":2111,"href":"https:\/\/infogandia.es\/index.php\/wp-json\/wp\/v2\/posts\/2105\/revisions\/2111"}],"wp:featuredmedia":[{"embeddable":true,"href":"https:\/\/infogandia.es\/index.php\/wp-json\/wp\/v2\/media\/2109"}],"wp:attachment":[{"href":"https:\/\/infogandia.es\/index.php\/wp-json\/wp\/v2\/media?parent=2105"}],"wp:term":[{"taxonomy":"category","embeddable":true,"href":"https:\/\/infogandia.es\/index.php\/wp-json\/wp\/v2\/categories?post=2105"},{"taxonomy":"post_tag","embeddable":true,"href":"https:\/\/infogandia.es\/index.php\/wp-json\/wp\/v2\/tags?post=2105"}],"curies":[{"name":"wp","href":"https:\/\/api.w.org\/{rel}","templated":true}]}}