{"id":2148,"date":"2023-12-13T16:55:10","date_gmt":"2023-12-13T16:55:10","guid":{"rendered":"https:\/\/infogandia.es\/?p=2148"},"modified":"2023-12-13T16:55:10","modified_gmt":"2023-12-13T16:55:10","slug":"gandia-inicia-la-puja-de-la-reforma-del-mercado-del-prado-para-convertirlo-en-un-revulsivo-comercial","status":"publish","type":"post","link":"https:\/\/infogandia.es\/index.php\/2023\/12\/13\/gandia-inicia-la-puja-de-la-reforma-del-mercado-del-prado-para-convertirlo-en-un-revulsivo-comercial\/","title":{"rendered":"Gandia inicia la puja de la reforma del Mercado del Prado para convertirlo en un revulsivo comercial"},"content":{"rendered":"\n<p>La licitaci\u00f3n de los trabajos de mejora del Mercado del Prado se iniciar\u00e1 antes de que finalice el a\u00f1o y durante el inicio de 2024 se empezar\u00e1n las obras que se prolongar\u00e1n durante seis meses.<\/p>\n\n\n\n<p>As\u00ed lo ha anunciado el alcalde de Gand\u00eda, Jos\u00e9 Manuel Prieto, que esta ma\u00f1ana ha visitado el Mercado del Prado acompa\u00f1ado de la concejala delegada de Comercio, Elena Moncho. Prieto record\u00f3 que la intervenci\u00f3n ser\u00e1 posible gracias a una ayuda de 1,7 millones de euros que ser\u00e1 complementada con una aportaci\u00f3n municipal de 300.000 euros.<\/p>\n\n\n\n<p>En concreto, el proyecto posibilitar\u00e1 la mejora de la competitividad, innovaci\u00f3n y modernizaci\u00f3n del mercado municipal que, principalmente, supondr\u00e1 reformar y ampliar la zona de venta, a lo que se destinar\u00e1 gran parte del presupuesto, modernizando el equipamiento y la tecnolog\u00eda de los sitios, para hacerlo m\u00e1s atractivo para los clientes.<\/p>\n\n\n\n<p>&#8220;Convertiremos al Mercado del Prado en un revulsivo econ\u00f3mico de primer orden de la ciudad y mejoraremos una zona que tiene muchas posibilidades que debemos aprovechar&#8221; ha explicado Prieto. El alcalde ha informado que la zona que actualmente ocupa Fira Mercat pasar\u00e1 a ser una zona acristalada que albergar\u00e1 nuevos locales que podr\u00e1n disponer de terraza a m\u00e1s de cuatro nuevos puntos de comercio local.<\/p>\n\n\n\n<p>Adem\u00e1s se contempla la sustituci\u00f3n del piso existente, la incorporaci\u00f3n de sistemas de calefacci\u00f3n\/aire acondicionado, la creaci\u00f3n de un &#8216;patio interior&#8217; acristalado para que los comercios interiores tengan terraza, la renovaci\u00f3n de los ba\u00f1os, la incorporaci\u00f3n de taquillas inteligentes para que se puedan realizar pedidos y mejorar el vending de los comercios y la incorporaci\u00f3n de un punto de carga para veh\u00edculos el\u00e9ctricos de movilidad personal.<\/p>\n\n\n\n<p>&#8220;Aprovechamos una subvenci\u00f3n hasta el c\u00e9ntimo y hemos acordado con los comerciantes la manera de proceder. Intentaremos que ninguno de los comercios que ahora est\u00e1n aqu\u00ed tengan que cerrar por las obras y en el peor de los casos intentaremos que las incidencias sean las menores posibles&#8221; &#8220;Es una buena noticia para el comercio local y de proximidad que nos permite consolidar la capitalidad comarcal\u201d finaliz\u00f3&nbsp;el&nbsp;alcalde.<\/p>\n","protected":false},"excerpt":{"rendered":"<p>Gandia inicia la puja de la reforma del Mercado del Prado para convertirlo en un revulsivo comercial.<\/p>\n","protected":false},"author":1,"featured_media":2137,"comment_status":"open","ping_status":"open","sticky":false,"template":"","format":"standard","meta":{"footnotes":""},"categories":[1],"tags":[],"class_list":["post-2148","post","type-post","status-publish","format-standard","has-post-thumbnail","hentry","category-actualidad"],"_links":{"self":[{"href":"https:\/\/infogandia.es\/index.php\/wp-json\/wp\/v2\/posts\/2148","targetHints":{"allow":["GET"]}}],"collection":[{"href":"https:\/\/infogandia.es\/index.php\/wp-json\/wp\/v2\/posts"}],"about":[{"href":"https:\/\/infogandia.es\/index.php\/wp-json\/wp\/v2\/types\/post"}],"author":[{"embeddable":true,"href":"https:\/\/infogandia.es\/index.php\/wp-json\/wp\/v2\/users\/1"}],"replies":[{"embeddable":true,"href":"https:\/\/infogandia.es\/index.php\/wp-json\/wp\/v2\/comments?post=2148"}],"version-history":[{"count":1,"href":"https:\/\/infogandia.es\/index.php\/wp-json\/wp\/v2\/posts\/2148\/revisions"}],"predecessor-version":[{"id":2150,"href":"https:\/\/infogandia.es\/index.php\/wp-json\/wp\/v2\/posts\/2148\/revisions\/2150"}],"wp:featuredmedia":[{"embeddable":true,"href":"https:\/\/infogandia.es\/index.php\/wp-json\/wp\/v2\/media\/2137"}],"wp:attachment":[{"href":"https:\/\/infogandia.es\/index.php\/wp-json\/wp\/v2\/media?parent=2148"}],"wp:term":[{"taxonomy":"category","embeddable":true,"href":"https:\/\/infogandia.es\/index.php\/wp-json\/wp\/v2\/categories?post=2148"},{"taxonomy":"post_tag","embeddable":true,"href":"https:\/\/infogandia.es\/index.php\/wp-json\/wp\/v2\/tags?post=2148"}],"curies":[{"name":"wp","href":"https:\/\/api.w.org\/{rel}","templated":true}]}}