{"id":2153,"date":"2023-12-13T16:56:23","date_gmt":"2023-12-13T16:56:23","guid":{"rendered":"https:\/\/infogandia.es\/?p=2153"},"modified":"2023-12-13T16:56:23","modified_gmt":"2023-12-13T16:56:23","slug":"llega-a-gandia-la-v-edicion-del-reto-solidario-un-libro-una-exposicion","status":"publish","type":"post","link":"https:\/\/infogandia.es\/index.php\/2023\/12\/13\/llega-a-gandia-la-v-edicion-del-reto-solidario-un-libro-una-exposicion\/","title":{"rendered":"Llega a Gand\u00eda la V edici\u00f3n del reto solidario \u00abUn libro, una exposici\u00f3n\u00bb"},"content":{"rendered":"\n<p>La concejala delegada de Sanidad y Pol\u00edticas Saludables, Liduvina Gil, y la escritora Adriana Serlik, presentaron hoy la V edici\u00f3n del reto solidario \u00abUn libro, una exposici\u00f3n\u00bb.<\/p>\n\n\n\n<p>El proyecto naci\u00f3 en 2019 y, tal y como ha explicado Serlik, coordinadora y creadora de la iniciativa, &#8220;tiene como objetivo conectar la literatura y el arte con una simbiosis perfecta&#8221;. As\u00ed pues, \u00e9ste constar\u00e1 de dos partes: la presentaci\u00f3n del libro &#8216;Venimos del Sur&#8217;, de Sico Fons, y la posterior inauguraci\u00f3n de una exposici\u00f3n en honor al autor, fallecido el pasado octubre.<\/p>\n\n\n\n<p>La introducci\u00f3n de la novela tendr\u00e1 lugar este viernes, 15 de diciembre, a las 19 horas, en el Palau Ducal. Cuando termine el acto, la sala Carr\u00f2s y Centelles del mismo monumento, acoger\u00e1 la apertura de la muestra comentada anteriormente, en la que han participado 21 artistas.<\/p>\n\n\n\n<p>Entre otras cosas, los visitantes podr\u00e1n disfrutar de las obras de fot\u00f3grafos como \u00c0lex Oltra, Anabel Amesti o Toni Deusa y de ilustradores como Amanda Cerd\u00e0, hasta el pr\u00f3ximo 14 de enero.<\/p>\n\n\n\n<p>Tanto la concejala como la escritora han destacado que la finalidad del acto es &#8220;recaudar dinero para la Asociaci\u00f3n Aspanion&#8221;. De esta forma, todos los beneficios conseguidos gracias a la venta del libro ir\u00e1n destinados a esta organizaci\u00f3n, que trabaja en la lucha contra el c\u00e1ncer infantil y apoya a los padres de los ni\u00f1os que padecen la enfermedad.<\/p>\n\n\n\n<p>Adem\u00e1s, la edil ha recordado que todas las personas que se han implicado en el proyecto lo han hecho de forma &#8220;totalmente altruista, sin ganar ni un c\u00e9ntimo&#8221;. Por \u00faltimo, ha puesto en valor la importancia de que Gandia sea parte &#8220;de una batalla fundamental, cohesionada, inclusiva y que no deja a nadie al margen&#8221;, y ha agradecido a Serlik su &#8220;esfuerzo y dedicaci\u00f3n&nbsp;por&nbsp;la&nbsp;causa&#8221;.<\/p>\n","protected":false},"excerpt":{"rendered":"<p>Llega a Gand\u00eda la V edici\u00f3n del reto solidario \u00abUn libro, una exposici\u00f3n\u00bb<\/p>\n","protected":false},"author":1,"featured_media":2139,"comment_status":"open","ping_status":"open","sticky":false,"template":"","format":"standard","meta":{"footnotes":""},"categories":[1,27],"tags":[68,30],"class_list":["post-2153","post","type-post","status-publish","format-standard","has-post-thumbnail","hentry","category-actualidad","category-sociedad","tag-68","tag-gandia"],"_links":{"self":[{"href":"https:\/\/infogandia.es\/index.php\/wp-json\/wp\/v2\/posts\/2153","targetHints":{"allow":["GET"]}}],"collection":[{"href":"https:\/\/infogandia.es\/index.php\/wp-json\/wp\/v2\/posts"}],"about":[{"href":"https:\/\/infogandia.es\/index.php\/wp-json\/wp\/v2\/types\/post"}],"author":[{"embeddable":true,"href":"https:\/\/infogandia.es\/index.php\/wp-json\/wp\/v2\/users\/1"}],"replies":[{"embeddable":true,"href":"https:\/\/infogandia.es\/index.php\/wp-json\/wp\/v2\/comments?post=2153"}],"version-history":[{"count":1,"href":"https:\/\/infogandia.es\/index.php\/wp-json\/wp\/v2\/posts\/2153\/revisions"}],"predecessor-version":[{"id":2154,"href":"https:\/\/infogandia.es\/index.php\/wp-json\/wp\/v2\/posts\/2153\/revisions\/2154"}],"wp:featuredmedia":[{"embeddable":true,"href":"https:\/\/infogandia.es\/index.php\/wp-json\/wp\/v2\/media\/2139"}],"wp:attachment":[{"href":"https:\/\/infogandia.es\/index.php\/wp-json\/wp\/v2\/media?parent=2153"}],"wp:term":[{"taxonomy":"category","embeddable":true,"href":"https:\/\/infogandia.es\/index.php\/wp-json\/wp\/v2\/categories?post=2153"},{"taxonomy":"post_tag","embeddable":true,"href":"https:\/\/infogandia.es\/index.php\/wp-json\/wp\/v2\/tags?post=2153"}],"curies":[{"name":"wp","href":"https:\/\/api.w.org\/{rel}","templated":true}]}}