{"id":2155,"date":"2023-12-13T16:57:31","date_gmt":"2023-12-13T16:57:31","guid":{"rendered":"https:\/\/infogandia.es\/?p=2155"},"modified":"2023-12-13T16:57:31","modified_gmt":"2023-12-13T16:57:31","slug":"los-mercados-navidenos-llegan-a-oliva-este-fin-de-semana","status":"publish","type":"post","link":"https:\/\/infogandia.es\/index.php\/2023\/12\/13\/los-mercados-navidenos-llegan-a-oliva-este-fin-de-semana\/","title":{"rendered":"Los mercados navide\u00f1os llegan a Oliva este fin de semana"},"content":{"rendered":"\n<p>Los horarios de la Feria y del Mercado de Navidad del parque de la Estaci\u00f3n ser\u00e1n:<br>-Viernes, de 17 a 21 horas<br>-S\u00e1bado y domingo, de 10 a 14 horas y de 17 a 21 horas<br>-Pap\u00e1 Noel recoger\u00e1 las cartas s\u00e1bado y domingo de 12 a 14 horas y de 18 a 20 horas<\/p>\n\n\n\n<p>Por otro lado, el domingo 17, de 10 a 22 horas, tendr\u00e1 lugar el Mercado de Navidad de ACCO y el Mercado Solidario de las asociaciones locales de Oliva, organizados por la Concejal\u00eda de Comercio, Mercados y Consumo.<\/p>\n\n\n\n<p>El mercado tendr\u00e1 lugar en la plaza del Ayuntamiento y las calles Mayor, de la Constituci\u00f3n y del Pleb\u00e0, y contar\u00e1 con atracciones infantiles y tambi\u00e9n con la presencia de Pap\u00e1 Noel, que atender\u00e1 a todos los ni\u00f1os y las ni\u00f1as de Oliva y recoger\u00e1 sus cartas.<\/p>\n\n\n\n<p>Las asociaciones que participar\u00e1n son, entre otros, AFISA (Asociaci\u00f3n de Fibromialgia de la Safor, que aportar\u00e1 un circuito de cochecitos para los m\u00e1s peque\u00f1os), los Festeros del Rebollet, la protectora VEDAMA o el Refugio de Gatos.<\/p>\n\n\n\n<p>Tambi\u00e9n estar\u00e1 presente, vendiendo y firmando libros, la autora de Oliva Chelo Peir\u00f3, que recientemente ha presentado su \u00faltimo trabajo &#8216;Cocina de pueblo: recetas valencianas&#8217;.<\/p>\n\n\n\n<p>En el Mercado de Navidad de ACCO tambi\u00e9n se podr\u00e1n adquirir \u20acur-ACCOs (por 20\u202f\u20ac podremos conseguir 30\u202f\u20acUR-ACCOs) para consumir en el Mercado de Navidad, hasta fin de existencias.<\/p>\n\n\n\n<p>Agenda de Navidad de Oliva de este fin de semana<br>Viernes 15:<br>Del d\u00eda 15 al 17 de diciembre: Feria y Mercado de Navidad del Ayuntamiento de Oliva en el parque de la Estaci\u00f3n. Con Pap\u00e1 Noel y los Elfos, talleres infantiles, mercado de artesan\u00eda, decoraci\u00f3n navide\u00f1a y muchas sorpresas.<br>Viernes de 17 a 21 horas \/ s\u00e1bado y domingo de 10 a 14 horas y de 17 a 21 horas. Pap\u00e1 Noel recoger\u00e1 las cartas s\u00e1bado y domingo de 12 a 14 horas y de 18 a 20 horas.<br>19:30 h: Presentaci\u00f3n del libro &#8220;Cremareu aquesta carta&#8221;, XXXIV Premio de Novel Ciutat d&#8217;Alzira, de Tom\u00e0s Llopis, en el Museo-Casa de Maians.<\/p>\n\n\n\n<p>S\u00e1bado 16:<br>De 10 a 12 horas: Tercer Taller infantil de Nadal &#8216;Oliva Concilia&#8217;, donde se preparan dulces navide\u00f1os, en el Mercado Municipal. Gratuito y con inscripci\u00f3n previa: https:\/\/forms.gle\/iiHzjMvwaro9o7dz9<br>11:00 h: Inauguraci\u00f3n de la exposici\u00f3n &#8216;Balconades d&#8217;Altea a Oliva&#8217; en la plaza de Alonso. La inauguraci\u00f3n incluir\u00e1 un recorrido por las calles del alrededor del Palacio para visitar los 57 lienzos expuestos. La muestra se podr\u00e1 visitar hasta el 11 de enero.<br>19:00 h: Concierto de Navidad de la Asociaci\u00f3n Art\u00edstico-Musical de Oliva en el Centro Polivalente. Con la Banda Sinf\u00f3nica, Banda de Iniciaci\u00f3n y Coros Infantiles de la Escuela de M\u00fasica. Entrada libre hasta completar aforo.<br>20:15 h: XVI Festival de Villancicos en la iglesia de Santa Maria, a cargo de la Junta de Festes de la Mare de D\u00e9u del Rebollet 2024.<\/p>\n\n\n\n<p>Domingo 17:<br>De 10 a 22 horas: Mercado de Navidad de ACCO y Mercado Solidario de las asociaciones locales, en la plaza del Ayuntamiento y calles Mayor, de la Constituci\u00f3n y del Pleb\u00e0. Con visita de Pap\u00e1 Noel y atracciones infantiles. Tambi\u00e9n habr\u00e1 venta de \u20acur-ACCOs (paga 20\u202f\u20ac y gasta 30\u202f\u20acUR-ACCOs) para consumir en el Mercado de Navidad. Hasta fin de existencias.<br>12:00 h: IX Concierto de Navidad de la Agrupaci\u00f3n Musical Nuestra Se\u00f1ora de la Piedad en la parroquia de Sant Roc. Presenta Toni Alcaraz, presidente de la Junta Central de Germandats de la Semana Santa de Oliva. Entrada-donativo a beneficio de la parroquia.<br>19:00 h: Concierto de Navidad del MEG\u00f2C (Modern Espai Gospel Cor) en el Centro Polivalente. Entrada libre hasta completar&nbsp;aforo.<\/p>\n","protected":false},"excerpt":{"rendered":"<p>Los mercados navide\u00f1os llegan a Oliva este fin de semana.<\/p>\n","protected":false},"author":1,"featured_media":2140,"comment_status":"open","ping_status":"open","sticky":false,"template":"","format":"standard","meta":{"footnotes":""},"categories":[1,57],"tags":[68,30],"class_list":["post-2155","post","type-post","status-publish","format-standard","has-post-thumbnail","hentry","category-actualidad","category-turismo","tag-68","tag-gandia"],"_links":{"self":[{"href":"https:\/\/infogandia.es\/index.php\/wp-json\/wp\/v2\/posts\/2155","targetHints":{"allow":["GET"]}}],"collection":[{"href":"https:\/\/infogandia.es\/index.php\/wp-json\/wp\/v2\/posts"}],"about":[{"href":"https:\/\/infogandia.es\/index.php\/wp-json\/wp\/v2\/types\/post"}],"author":[{"embeddable":true,"href":"https:\/\/infogandia.es\/index.php\/wp-json\/wp\/v2\/users\/1"}],"replies":[{"embeddable":true,"href":"https:\/\/infogandia.es\/index.php\/wp-json\/wp\/v2\/comments?post=2155"}],"version-history":[{"count":1,"href":"https:\/\/infogandia.es\/index.php\/wp-json\/wp\/v2\/posts\/2155\/revisions"}],"predecessor-version":[{"id":2156,"href":"https:\/\/infogandia.es\/index.php\/wp-json\/wp\/v2\/posts\/2155\/revisions\/2156"}],"wp:featuredmedia":[{"embeddable":true,"href":"https:\/\/infogandia.es\/index.php\/wp-json\/wp\/v2\/media\/2140"}],"wp:attachment":[{"href":"https:\/\/infogandia.es\/index.php\/wp-json\/wp\/v2\/media?parent=2155"}],"wp:term":[{"taxonomy":"category","embeddable":true,"href":"https:\/\/infogandia.es\/index.php\/wp-json\/wp\/v2\/categories?post=2155"},{"taxonomy":"post_tag","embeddable":true,"href":"https:\/\/infogandia.es\/index.php\/wp-json\/wp\/v2\/tags?post=2155"}],"curies":[{"name":"wp","href":"https:\/\/api.w.org\/{rel}","templated":true}]}}