{"id":2160,"date":"2023-12-13T17:01:45","date_gmt":"2023-12-13T17:01:45","guid":{"rendered":"https:\/\/infogandia.es\/?p=2160"},"modified":"2023-12-13T17:01:45","modified_gmt":"2023-12-13T17:01:45","slug":"berniarjo-rehabilitara-un-antiguo-edificio-para-convertirlo-en-un-centro-sociocultural","status":"publish","type":"post","link":"https:\/\/infogandia.es\/index.php\/2023\/12\/13\/berniarjo-rehabilitara-un-antiguo-edificio-para-convertirlo-en-un-centro-sociocultural\/","title":{"rendered":"Berniarj\u00f3 rehabilitar\u00e1 un antiguo edificio para convertirlo en un centro sociocultural"},"content":{"rendered":"\n<p>Esta actuaci\u00f3n ser\u00e1 posible gracias a la subvenci\u00f3n de 499.370 euros que ha recibido el consistorio a trav\u00e9s del Pla Conviure que promueve la Conseller\u00eda de Vivienda de la Generalitat Valenciana para impulsar actuaciones de rehabilitaci\u00f3n en edificios y entornos p\u00fablicos de los municipios valencianos.<\/p>\n\n\n\n<p>El proyecto consiste en rehabilitar un antiguo local de 417 metros cuadrados, de propiedad municipal, como centro sociocultural que permita acoger actuaciones l\u00fadicas, culturales y festivas del municipio. As\u00ed mismo, las asociaciones locales de Beniarj\u00f3 dispondr\u00e1n de varios espacios de reuni\u00f3n, salas y despachos. Este proyecto se completar\u00e1, adem\u00e1s, con una \u00e1rea destinada a biblioteca y ludoteca municipal.<\/p>\n\n\n\n<p>La rehabilitaci\u00f3n del viejo almac\u00e9n, situado en el n\u00famero siete de la calle Francesc Minyana, permitir\u00e1 crear un espacio dotacional inclusivo, accesible y moderno, adaptado a la normativa en materia de sostenibilidad ambiental y energ\u00e9tica. Por otro lado, posibilitar\u00e1 la revalorizaci\u00f3n del paisaje urbano, que poco a poco ha ido degrad\u00e1ndose, derivado del abandono y deterioro de la edificaci\u00f3n industrial de que dispon\u00eda el municipio.<\/p>\n\n\n\n<p>La alcaldesa de Beniarj\u00f3, Eva Llinares, ha mostrado su satisfacci\u00f3n por haber conseguido esta subvenci\u00f3n de casi medio mill\u00f3n de euros de la Conseller\u00eda de Vivienda. \u201cEsta era una de las actuaciones de las que nos comprometimos en campa\u00f1a electoral y que permitir\u00e1, por fin, dotar a las asociaciones del municipio de un espacio en condiciones para poder hacer sus reuniones, ensayar o llevar a cabo actividades de car\u00e1cter festivo. Adem\u00e1s habilitaremos una biblioteca y una ludoteca para aprovechar al m\u00e1ximo un edificio que tiene muchas posibilidades y que est\u00e1 situado en el centro del pueblo\u201d.<\/p>\n\n\n\n<p>Eva Llinares ha recordado tambi\u00e9n que, en previsi\u00f3n de rehabilitar este almac\u00e9n municipal, el gobierno local de Beniarj\u00f3 se avanz\u00f3 a las necesidades que generar\u00eda el hecho de tener que vaciar este inmueble y ya en la pasada legislatura construy\u00f3 una nave en el pol\u00edgono industrial, con una subvenci\u00f3n de la Diputaci\u00f3n de Val\u00e8ncia. De esta forma, una vez empiecen las obras de rehabilitaci\u00f3n del inmueble de la calle Francesc Minyana, el Ayuntamiento podr\u00e1 depositar todo el material de este edificio municipal a la nave del pol\u00edgono.<\/p>\n\n\n\n<p>La primera edil ha agradecido tambi\u00e9n a los servicios t\u00e9cnicos su trabajo y ha se\u00f1alado que \u201cel gobierno municipal de Beniarj\u00f3 continuar\u00e1 solicitando a las administraciones superiores y all\u00e1 donde haga falta todas las ayudas a las que pueda optar el municipio para mejorar la calidad de vida de sus vecinos y vecinas\u201d.<\/p>\n","protected":false},"excerpt":{"rendered":"<p>Berniarj\u00f3 rehabilitar\u00e1 un antiguo edificio para convertirlo en un centro sociocultural.<\/p>\n","protected":false},"author":1,"featured_media":2141,"comment_status":"open","ping_status":"open","sticky":false,"template":"","format":"standard","meta":{"footnotes":""},"categories":[1],"tags":[68,30,28],"class_list":["post-2160","post","type-post","status-publish","format-standard","has-post-thumbnail","hentry","category-actualidad","tag-68","tag-gandia","tag-sociedad"],"_links":{"self":[{"href":"https:\/\/infogandia.es\/index.php\/wp-json\/wp\/v2\/posts\/2160","targetHints":{"allow":["GET"]}}],"collection":[{"href":"https:\/\/infogandia.es\/index.php\/wp-json\/wp\/v2\/posts"}],"about":[{"href":"https:\/\/infogandia.es\/index.php\/wp-json\/wp\/v2\/types\/post"}],"author":[{"embeddable":true,"href":"https:\/\/infogandia.es\/index.php\/wp-json\/wp\/v2\/users\/1"}],"replies":[{"embeddable":true,"href":"https:\/\/infogandia.es\/index.php\/wp-json\/wp\/v2\/comments?post=2160"}],"version-history":[{"count":1,"href":"https:\/\/infogandia.es\/index.php\/wp-json\/wp\/v2\/posts\/2160\/revisions"}],"predecessor-version":[{"id":2161,"href":"https:\/\/infogandia.es\/index.php\/wp-json\/wp\/v2\/posts\/2160\/revisions\/2161"}],"wp:featuredmedia":[{"embeddable":true,"href":"https:\/\/infogandia.es\/index.php\/wp-json\/wp\/v2\/media\/2141"}],"wp:attachment":[{"href":"https:\/\/infogandia.es\/index.php\/wp-json\/wp\/v2\/media?parent=2160"}],"wp:term":[{"taxonomy":"category","embeddable":true,"href":"https:\/\/infogandia.es\/index.php\/wp-json\/wp\/v2\/categories?post=2160"},{"taxonomy":"post_tag","embeddable":true,"href":"https:\/\/infogandia.es\/index.php\/wp-json\/wp\/v2\/tags?post=2160"}],"curies":[{"name":"wp","href":"https:\/\/api.w.org\/{rel}","templated":true}]}}