{"id":2162,"date":"2023-12-13T17:04:33","date_gmt":"2023-12-13T17:04:33","guid":{"rendered":"https:\/\/infogandia.es\/?p=2162"},"modified":"2023-12-13T17:04:33","modified_gmt":"2023-12-13T17:04:33","slug":"el-pp-en-el-ayuntamiento-de-gandia-ha-reprochado-al-gobierno-local-que-no-se-haya-podido-celebrar-el-consell-agrari-de-gandia-por-falta-de-quorum","status":"publish","type":"post","link":"https:\/\/infogandia.es\/index.php\/2023\/12\/13\/el-pp-en-el-ayuntamiento-de-gandia-ha-reprochado-al-gobierno-local-que-no-se-haya-podido-celebrar-el-consell-agrari-de-gandia-por-falta-de-quorum\/","title":{"rendered":"El PP en el Ayuntamiento de Gandia ha reprochado al Gobierno local que no se haya podido celebrar el Consell Agrari de Gandia por falta de qu\u00f3rum"},"content":{"rendered":"\n<p>El PP en el Ayuntamiento de Gandia ha reprochado al Gobierno local que no se haya podido celebrar el Consell Agrari de Gandia por falta de qu\u00f3rum.Este \u00f3rgano se configura como elemento de participaci\u00f3n y asesoramiento en relaci\u00f3n a aquellas materias de naturaleza agraria y eval\u00faa la realidad agraria del municipio, sus problemas y necesidades.<br><br>La concejala popular, Aina Borred\u00e0, representante del Grupo Municipal en el Consell Agrari Municipal, acudi\u00f3 a la convocatoria del pasado martes las 19 horas y ha explicado que tres cuartos despu\u00e9s segu\u00edan esperando la asistencia de miembros, sin que hubiera el qu\u00f3rum necesario para la celebraci\u00f3n de la reuni\u00f3n. \u00abPedimos una mayor implicaci\u00f3n de la concejala Izquierdo y que la defensa de la agricultura de la que hace gala la formaci\u00f3n nacionalista no sea de cara a la galer\u00eda\u00bb, se\u00f1ala el PP en su comunicado.<\/p>\n\n\n\n<p>En respuesta a esta situaci\u00f3n, la concejala Al\u00edcia Izquierdo ha explicado que la convocatoria a todos los miembros del Consell se hizo debidamente con quince d\u00edas de antelaci\u00f3n y que se desconoce por qu\u00e9 algunos de ellos no acudieron. En el caso de algunos concejales, el problema fue que ten\u00edan reuniones de juntas de distrito municipal que se convocaron con posterioridad al Consell Agrari Local.<\/p>\n\n\n\n<p>Aun as\u00ed, la concejala Izquierdo, que junto al director de Medio Natural, Daniel Mu\u00f1oz, s\u00ed asistieron a esa reuni\u00f3n, adoptar\u00e1 medidas para que no vuelva a producirse una situaci\u00f3n as\u00ed y neg\u00f3 que haya falta de inter\u00e9s. En cualquier caso la concejala de Comprom\u00eds a\u00f1ade que hubo preguntas que fueron debidamente respondidas, entre ellas las planteadas por los representantes&nbsp;del&nbsp;PP.<\/p>\n","protected":false},"excerpt":{"rendered":"<p>El PP en el Ayuntamiento de Gandia ha reprochado al Gobierno local que no se haya podido celebrar el Consell Agrari de Gandia por falta de qu\u00f3rum.<\/p>\n","protected":false},"author":1,"featured_media":2163,"comment_status":"open","ping_status":"open","sticky":false,"template":"","format":"standard","meta":{"footnotes":""},"categories":[1,5,3],"tags":[],"class_list":["post-2162","post","type-post","status-publish","format-standard","has-post-thumbnail","hentry","category-actualidad","category-educacion","category-politica"],"_links":{"self":[{"href":"https:\/\/infogandia.es\/index.php\/wp-json\/wp\/v2\/posts\/2162","targetHints":{"allow":["GET"]}}],"collection":[{"href":"https:\/\/infogandia.es\/index.php\/wp-json\/wp\/v2\/posts"}],"about":[{"href":"https:\/\/infogandia.es\/index.php\/wp-json\/wp\/v2\/types\/post"}],"author":[{"embeddable":true,"href":"https:\/\/infogandia.es\/index.php\/wp-json\/wp\/v2\/users\/1"}],"replies":[{"embeddable":true,"href":"https:\/\/infogandia.es\/index.php\/wp-json\/wp\/v2\/comments?post=2162"}],"version-history":[{"count":1,"href":"https:\/\/infogandia.es\/index.php\/wp-json\/wp\/v2\/posts\/2162\/revisions"}],"predecessor-version":[{"id":2164,"href":"https:\/\/infogandia.es\/index.php\/wp-json\/wp\/v2\/posts\/2162\/revisions\/2164"}],"wp:featuredmedia":[{"embeddable":true,"href":"https:\/\/infogandia.es\/index.php\/wp-json\/wp\/v2\/media\/2163"}],"wp:attachment":[{"href":"https:\/\/infogandia.es\/index.php\/wp-json\/wp\/v2\/media?parent=2162"}],"wp:term":[{"taxonomy":"category","embeddable":true,"href":"https:\/\/infogandia.es\/index.php\/wp-json\/wp\/v2\/categories?post=2162"},{"taxonomy":"post_tag","embeddable":true,"href":"https:\/\/infogandia.es\/index.php\/wp-json\/wp\/v2\/tags?post=2162"}],"curies":[{"name":"wp","href":"https:\/\/api.w.org\/{rel}","templated":true}]}}