{"id":2172,"date":"2023-12-14T18:31:50","date_gmt":"2023-12-14T18:31:50","guid":{"rendered":"https:\/\/infogandia.es\/?p=2172"},"modified":"2023-12-14T18:31:50","modified_gmt":"2023-12-14T18:31:50","slug":"adjudicado-el-nucleo-zoologico-de-tavernes-de-la-valldigna","status":"publish","type":"post","link":"https:\/\/infogandia.es\/index.php\/2023\/12\/14\/adjudicado-el-nucleo-zoologico-de-tavernes-de-la-valldigna\/","title":{"rendered":"Adjudicado el n\u00facleo zool\u00f3gico de Tavernes de la Valldigna"},"content":{"rendered":"\n<p>Ayer, mi\u00e9rcoles 13 de diciembre, se reuni\u00f3 en la sede de la Mancomunitat de Municipios de la Safor la Comisi\u00f3n de Seguimiento de construcci\u00f3n de los n\u00facleos zool\u00f3gicos de las mancomunidades de la Ribera Alta, la Ribera Baixa y la Safor.<\/p>\n\n\n\n<p>En la dicha comisi\u00f3n se trat\u00f3 que el n\u00facleo zool\u00f3gico de l&#8217;Alc\u00fadia ya se sacar\u00e1 a concurso y el de Tavernes de la Valldigna, que se construir\u00e1 sobre un solar de unos 3.000 metros cuadrados, ya est\u00e1 adjudicado y, por lo tanto, a punto de empezar las obras. As\u00ed, se prev\u00e9 que a lo largo de 2024 finalicen las mismas y en 2025 est\u00e9 ya en funcionamiento. La inversi\u00f3n ser\u00e1 alrededor de 1.257.000 euros cada obra.<\/p>\n","protected":false},"excerpt":{"rendered":"<p>Adjudicado el n\u00facleo zool\u00f3gico de Tavernes de la Valldigna.<\/p>\n","protected":false},"author":1,"featured_media":2173,"comment_status":"open","ping_status":"open","sticky":false,"template":"","format":"standard","meta":{"footnotes":""},"categories":[1,3,2],"tags":[],"class_list":["post-2172","post","type-post","status-publish","format-standard","has-post-thumbnail","hentry","category-actualidad","category-politica","category-salud"],"_links":{"self":[{"href":"https:\/\/infogandia.es\/index.php\/wp-json\/wp\/v2\/posts\/2172","targetHints":{"allow":["GET"]}}],"collection":[{"href":"https:\/\/infogandia.es\/index.php\/wp-json\/wp\/v2\/posts"}],"about":[{"href":"https:\/\/infogandia.es\/index.php\/wp-json\/wp\/v2\/types\/post"}],"author":[{"embeddable":true,"href":"https:\/\/infogandia.es\/index.php\/wp-json\/wp\/v2\/users\/1"}],"replies":[{"embeddable":true,"href":"https:\/\/infogandia.es\/index.php\/wp-json\/wp\/v2\/comments?post=2172"}],"version-history":[{"count":1,"href":"https:\/\/infogandia.es\/index.php\/wp-json\/wp\/v2\/posts\/2172\/revisions"}],"predecessor-version":[{"id":2180,"href":"https:\/\/infogandia.es\/index.php\/wp-json\/wp\/v2\/posts\/2172\/revisions\/2180"}],"wp:featuredmedia":[{"embeddable":true,"href":"https:\/\/infogandia.es\/index.php\/wp-json\/wp\/v2\/media\/2173"}],"wp:attachment":[{"href":"https:\/\/infogandia.es\/index.php\/wp-json\/wp\/v2\/media?parent=2172"}],"wp:term":[{"taxonomy":"category","embeddable":true,"href":"https:\/\/infogandia.es\/index.php\/wp-json\/wp\/v2\/categories?post=2172"},{"taxonomy":"post_tag","embeddable":true,"href":"https:\/\/infogandia.es\/index.php\/wp-json\/wp\/v2\/tags?post=2172"}],"curies":[{"name":"wp","href":"https:\/\/api.w.org\/{rel}","templated":true}]}}