{"id":2183,"date":"2023-12-14T18:34:33","date_gmt":"2023-12-14T18:34:33","guid":{"rendered":"https:\/\/infogandia.es\/?p=2183"},"modified":"2023-12-14T18:34:36","modified_gmt":"2023-12-14T18:34:36","slug":"compromis-recuerda-a-la-diputacio-que-ayude-a-palma-de-gandia-para-solucionar-el-problema-del-agua-potable","status":"publish","type":"post","link":"https:\/\/infogandia.es\/index.php\/2023\/12\/14\/compromis-recuerda-a-la-diputacio-que-ayude-a-palma-de-gandia-para-solucionar-el-problema-del-agua-potable\/","title":{"rendered":"Comprom\u00eds recuerda a la Diputaci\u00f3 que ayude a Palma de Gandia para solucionar el problema del agua potable"},"content":{"rendered":"\n<p>El Grupo de Comprom\u00eds en la Diputaci\u00f3 de Val\u00e8ncia ha reiterado en la Comisi\u00f3n de Hacienda la necesidad de que la instituci\u00f3n d\u00e9 apoyo econ\u00f3mico al Ayuntamiento de Palma de Gandia para resolver el problema de abastecimiento de agua potable que el municipio arrastra desde octubre, tal y como se aprob\u00f3 en el pleno de la Diputaci\u00f3 de Val\u00e8ncia de noviembre. Comprom\u00eds ha exigido que se incluya la partida necesaria para cumplir con este compromiso en el presupuesto de 2024.<\/p>\n\n\n\n<p>Comprom\u00eds aprovech\u00f3 esta semana la celebraci\u00f3n de la Comisi\u00f3n de Hacienda de la Diputaci\u00f3 de Val\u00e8ncia para reiterar la necesidad de que la instituci\u00f3n provincial d\u00e9 apoyo econ\u00f3mico al Ayuntamiento de Palma de Gandia para resolver el problema de abastecimiento de agua potable que sufre desde octubre. En este sentido, Josep Riera, representante de Comprom\u00eds en la comisi\u00f3n ha incidido en qu\u00e9: &#8220;Dado que el gobierno todav\u00eda no ha presentado la propuesta de presupuestos para 2024, les hemos preguntado c\u00f3mo piensan concretar el apoyo al ayuntamiento saforense y que, en este sentido, se contemple la partida econ\u00f3mica necesaria&#8221;. Cabe recordar que en el pleno de noviembre los grupos de la Diputaci\u00f3, por unanimidad, aprobaron el soporte t\u00e9cnico, jur\u00eddico y econ\u00f3mico en el municipio.<\/p>\n\n\n\n<p>El problema de abastecimiento se gener\u00f3 cuando, a causa de una solida, los filtros del pozo de la Serra, en el t\u00e9rmino municipal de Ador y que suministraba Palma, quedaron obstruidos y, adem\u00e1s, ya no cuenta con caudal suficiente . Esto ha exigido plantear un proyecto de abastecimiento desde el municipio de Vilallonga y la incorporaci\u00f3n de Palma de Gandia en la Mancomunidad de la Safor que tiene mancomunado el suministro y la red de agua potable. Incorporaci\u00f3n que ya se ha producido. La inversi\u00f3n necesaria para realizar las obras supera el mill\u00f3n de euros y comporta ejecutar una tuber\u00eda de m\u00e1s de tres kil\u00f3metros por varios t\u00e9rminos municipales. Una inversi\u00f3n extraordinaria para un municipio de 1.700 habitantes y unos presupuestos municipales anuales que no alcanzan los dos millones de euros. Desde octubre que la poblaci\u00f3n de Palma est\u00e1 abasteciendo de agua embotellada.<\/p>\n\n\n\n<p>Respecto al apoyo de la Diputaci\u00f3 a municipios para atender situaciones extraordinarias, el diputado recuerda: \u201cEn otras ocasiones, en ejercicios anteriores, la Diputaci\u00f3 ya habilita partidas econ\u00f3micas para ayudar a algunos municipios a hacer frente a situaciones extraordinarias y sobrevenidas, normalmente a causa episodios climatol\u00f3gicos\u201d. As\u00ed, cabe recordar las actuaciones en 2021 para reparar riesgos geol\u00f3gicos en diferentes municipios del interior (Alfauir, Calles, Tu\u00e9jar, Chiva o la aldea del Cortijo del Olmo en el Rinc\u00f3n de Ademuz)por los episodios de lluvias intensas. Algo parecido a lo que ocurri\u00f3 en el 2022 en Bu\u00f1ol con la solida en el entorno del castillo. En todos los casos, la Diputaci\u00f3n ha habilitado ayudas espec\u00edficas. En este sentido, el diputado reitera: &#8220;El suministro de agua potable a la poblaci\u00f3n es esencial y, por tanto, justifica el apoyo extraordinario de la Diputaci\u00f3n&#8221;.<\/p>\n\n\n\n<p>Por todo ello, Riega concluye \u00ab Es importante que, cuanto antes, la Diputaci\u00f3 se re\u00fana con el Ayuntamiento de Palma para concretar el apoyo necesario con un plan de actuaci\u00f3n ya definido&#8221;.<\/p>\n","protected":false},"excerpt":{"rendered":"<p>Comprom\u00eds recuerda a la Diputaci\u00f3 que ayude a Palma de Gandia para solucionar el problema del agua potable.<\/p>\n","protected":false},"author":1,"featured_media":2176,"comment_status":"open","ping_status":"open","sticky":false,"template":"","format":"standard","meta":{"footnotes":""},"categories":[1,2,27],"tags":[],"class_list":["post-2183","post","type-post","status-publish","format-standard","has-post-thumbnail","hentry","category-actualidad","category-salud","category-sociedad"],"_links":{"self":[{"href":"https:\/\/infogandia.es\/index.php\/wp-json\/wp\/v2\/posts\/2183","targetHints":{"allow":["GET"]}}],"collection":[{"href":"https:\/\/infogandia.es\/index.php\/wp-json\/wp\/v2\/posts"}],"about":[{"href":"https:\/\/infogandia.es\/index.php\/wp-json\/wp\/v2\/types\/post"}],"author":[{"embeddable":true,"href":"https:\/\/infogandia.es\/index.php\/wp-json\/wp\/v2\/users\/1"}],"replies":[{"embeddable":true,"href":"https:\/\/infogandia.es\/index.php\/wp-json\/wp\/v2\/comments?post=2183"}],"version-history":[{"count":1,"href":"https:\/\/infogandia.es\/index.php\/wp-json\/wp\/v2\/posts\/2183\/revisions"}],"predecessor-version":[{"id":2184,"href":"https:\/\/infogandia.es\/index.php\/wp-json\/wp\/v2\/posts\/2183\/revisions\/2184"}],"wp:featuredmedia":[{"embeddable":true,"href":"https:\/\/infogandia.es\/index.php\/wp-json\/wp\/v2\/media\/2176"}],"wp:attachment":[{"href":"https:\/\/infogandia.es\/index.php\/wp-json\/wp\/v2\/media?parent=2183"}],"wp:term":[{"taxonomy":"category","embeddable":true,"href":"https:\/\/infogandia.es\/index.php\/wp-json\/wp\/v2\/categories?post=2183"},{"taxonomy":"post_tag","embeddable":true,"href":"https:\/\/infogandia.es\/index.php\/wp-json\/wp\/v2\/tags?post=2183"}],"curies":[{"name":"wp","href":"https:\/\/api.w.org\/{rel}","templated":true}]}}