{"id":2202,"date":"2023-12-15T21:25:06","date_gmt":"2023-12-15T21:25:06","guid":{"rendered":"https:\/\/infogandia.es\/?p=2202"},"modified":"2023-12-15T21:25:06","modified_gmt":"2023-12-15T21:25:06","slug":"las-comisiones-falleras-reciben-sus-premios-por-animar-en-la-mitja-marato-10k-ciutat-de-gandia","status":"publish","type":"post","link":"https:\/\/infogandia.es\/index.php\/2023\/12\/15\/las-comisiones-falleras-reciben-sus-premios-por-animar-en-la-mitja-marato-10k-ciutat-de-gandia\/","title":{"rendered":"Las comisiones falleras reciben sus premios por animar en la Mitja Marat\u00f3 &#038; 10K Ciutat de Gandia"},"content":{"rendered":"\n<p>El Club de C\u00f3rrer el Garb\u00ed ha efectuado la entrega de los premios otorgados a las comisiones falleras participantes en el VIII Concurso de Animaci\u00f3n Fallera celebrado en la pasada edici\u00f3n de la Mitja Marat\u00f3 y la 10K del pasado 12 de noviembre.\u00a0El acto de entrega ha tenido lugar en el Museu Faller en presencia del presidente de la Federaci\u00f3 de Falles de Gandia, Telmo Gadea, representantes de la ejecutiva y de todas las comisiones falleras convocadas.\u00a0Tomaron parte en dicho concurso 16 comisiones falleras, que llenaron las calles de la ciudad de animaci\u00f3n y adem\u00e1s apoyaron a la organizaci\u00f3n en tareas de control del circuito. Estas animaciones han sido muy apreciadas por los participantes en las pruebas y hacen m\u00e1s llevadera la exigente distancia.La comisi\u00f3n ganadora ha sido la falla de Corea, seguida de las fallas Marqu\u00e9s de Campo, Mosquit y Vilanova. Las dem\u00e1s participantes han sido M\u00e0rtirs, Rois de Corella, Grau, Sant Josep, Mercat, Rep\u00fablica Argentina, Jardinet, Serpis, Benirredr\u00e0, Llu\u00eds Belda, Prado y Escoles Pies.Todas las Comisiones han recibido de las manos de Jos\u00e9 Yerbes, director del voluntariado y Lourdes Vidal, presidenta del Club de C\u00f3rrer el Garb\u00ed los premios en met\u00e1lico correspondientes a cada clasificado, que ascienden a casi dos mil euros.El presidente de la Federaci\u00f3 de Falles, Telmo Gadea, ha expresado su agradecimiento a la prueba por este concurso y Lourdes Vidal por su parte, ha animado a las comisiones a continuar con el apoyo a esta iniciativa, que ya se encuentra consolidada en el calendario de la actividad fallera.<\/p>\n","protected":false},"excerpt":{"rendered":"<p>Las comisiones falleras reciben sus premios por animar en la Mitja Marat\u00f3 &#038; 10K Ciutat de Gandia.<\/p>\n","protected":false},"author":1,"featured_media":2203,"comment_status":"open","ping_status":"open","sticky":false,"template":"","format":"standard","meta":{"footnotes":""},"categories":[1],"tags":[],"class_list":["post-2202","post","type-post","status-publish","format-standard","has-post-thumbnail","hentry","category-actualidad"],"_links":{"self":[{"href":"https:\/\/infogandia.es\/index.php\/wp-json\/wp\/v2\/posts\/2202","targetHints":{"allow":["GET"]}}],"collection":[{"href":"https:\/\/infogandia.es\/index.php\/wp-json\/wp\/v2\/posts"}],"about":[{"href":"https:\/\/infogandia.es\/index.php\/wp-json\/wp\/v2\/types\/post"}],"author":[{"embeddable":true,"href":"https:\/\/infogandia.es\/index.php\/wp-json\/wp\/v2\/users\/1"}],"replies":[{"embeddable":true,"href":"https:\/\/infogandia.es\/index.php\/wp-json\/wp\/v2\/comments?post=2202"}],"version-history":[{"count":1,"href":"https:\/\/infogandia.es\/index.php\/wp-json\/wp\/v2\/posts\/2202\/revisions"}],"predecessor-version":[{"id":2204,"href":"https:\/\/infogandia.es\/index.php\/wp-json\/wp\/v2\/posts\/2202\/revisions\/2204"}],"wp:featuredmedia":[{"embeddable":true,"href":"https:\/\/infogandia.es\/index.php\/wp-json\/wp\/v2\/media\/2203"}],"wp:attachment":[{"href":"https:\/\/infogandia.es\/index.php\/wp-json\/wp\/v2\/media?parent=2202"}],"wp:term":[{"taxonomy":"category","embeddable":true,"href":"https:\/\/infogandia.es\/index.php\/wp-json\/wp\/v2\/categories?post=2202"},{"taxonomy":"post_tag","embeddable":true,"href":"https:\/\/infogandia.es\/index.php\/wp-json\/wp\/v2\/tags?post=2202"}],"curies":[{"name":"wp","href":"https:\/\/api.w.org\/{rel}","templated":true}]}}