{"id":2205,"date":"2023-12-15T21:26:52","date_gmt":"2023-12-15T21:26:52","guid":{"rendered":"https:\/\/infogandia.es\/?p=2205"},"modified":"2023-12-15T21:26:52","modified_gmt":"2023-12-15T21:26:52","slug":"gandia-apuesta-por-la-reinsercion-educativa-con-la-8a-edicion-del-programa-jove-oportunitat","status":"publish","type":"post","link":"https:\/\/infogandia.es\/index.php\/2023\/12\/15\/gandia-apuesta-por-la-reinsercion-educativa-con-la-8a-edicion-del-programa-jove-oportunitat\/","title":{"rendered":"Gandia apuesta por la reinserci\u00f3n educativa con la 8a edici\u00f3n del programa Jove Oportunitat"},"content":{"rendered":"\n<p>La concejala delegada de Educaci\u00f3n, Esther Sapena, ha anunciado que ya est\u00e1 abierto el plazo para inscribirse en la octava edici\u00f3n del programa Jove Oportunitat. Lo ha hecho junto a Antoni Escriv\u00e0 Morant, el educador social que se encargar\u00e1 de llevar a cabo esta iniciativa. El per\u00edodo para apuntarse se cerrar\u00e1 el pr\u00f3ximo 5 de enero y los interesados \u200b\u200btendr\u00e1n que hacerlo en el departamento de Educaci\u00f3n (Av. Marqu\u00e9s de Campo, 1-D \u2013 bajos Escola Pia), de lunes a viernes y de 9 a 15 horas.El proyecto, cofinanciado por la Uni\u00f3n Europea, forma parte del programa piloto del Instituto Valenciano de la Juventud y se dirige a los j\u00f3venes de entre 16 y 21 a\u00f1os que ni estudian ni trabajan. Comenzar\u00e1 el pr\u00f3ximo 8 de enero y cuenta con un total de 75 actividades que se realizar\u00e1n a lo largo de sus cuatro meses de duraci\u00f3n.Tal y como ha explicado la concejala, \u00abel objetivo es dotar a sus participantes de las herramientas necesarias para que abandonen las actitudes de desilusi\u00f3n y frustraci\u00f3n que el sistema educativo convencional pueda haber producido en ellos o ellas, y fomentar la autoestima, la motivaci\u00f3n y la positividad para que puedan decidir a qu\u00e9 quieren dedicarse\u00bb.Para ello, se trabajar\u00e1n t\u00e9cnicas de coaching actitudinal y parental, puesto que la familia tiene un papel muy relevante en el asunto, estableci\u00e9ndose una metodolog\u00eda pr\u00e1ctica gracias a las casi 500 empresas colaboradoras. Al finalizar esta etapa de orientaci\u00f3n, habr\u00e1 sesiones de formaci\u00f3n acad\u00e9mica para que los y las participantes puedan superar las pruebas de acceso libre a la FP o al Grado Medio, as\u00ed como las que se realizan para obtener certificados de profesionalidad.&#8221;Buscamos romper con la etiqueta peyorativa que tienen los llamados &#8216;ninis&#8217;, abandonar el estigma que les rodea y ayudarles a entender por qu\u00e9 est\u00e1n en esta situaci\u00f3n&#8221;, ha se\u00f1alado Morant.Adem\u00e1s, el educador social ha a\u00f1adido que se har\u00e1n din\u00e1micas grupales para que puedan sentirse integrados en la sociedad, pero tambi\u00e9n se apostar\u00e1 por una &#8220;atenci\u00f3n individualizada&#8221; en base a los problemas e intereses de cada uno. &#8220;En parte, el programa est\u00e1 enfocado en que sus participantes tengan una rutina y est\u00e9n a gusto con su d\u00eda a d\u00eda&#8221;, ha comentado.Por \u00faltimo, Sapena ha animado a la ciudadan\u00eda a que cumpla con el perfil a inscribirse porque \u00absupondr\u00e1 un punto de inflexi\u00f3n para su vida\u00bb, y ha destacado que, con este tipo de iniciativas, Gandia lucha contra el abandono educativo y la desigualdad.<\/p>\n","protected":false},"excerpt":{"rendered":"<p>Gandia apuesta por la reinserci\u00f3n educativa con la 8a edici\u00f3n del programa Jove Oportunitat.<\/p>\n","protected":false},"author":1,"featured_media":2206,"comment_status":"open","ping_status":"open","sticky":false,"template":"","format":"standard","meta":{"footnotes":""},"categories":[1],"tags":[],"class_list":["post-2205","post","type-post","status-publish","format-standard","has-post-thumbnail","hentry","category-actualidad"],"_links":{"self":[{"href":"https:\/\/infogandia.es\/index.php\/wp-json\/wp\/v2\/posts\/2205","targetHints":{"allow":["GET"]}}],"collection":[{"href":"https:\/\/infogandia.es\/index.php\/wp-json\/wp\/v2\/posts"}],"about":[{"href":"https:\/\/infogandia.es\/index.php\/wp-json\/wp\/v2\/types\/post"}],"author":[{"embeddable":true,"href":"https:\/\/infogandia.es\/index.php\/wp-json\/wp\/v2\/users\/1"}],"replies":[{"embeddable":true,"href":"https:\/\/infogandia.es\/index.php\/wp-json\/wp\/v2\/comments?post=2205"}],"version-history":[{"count":1,"href":"https:\/\/infogandia.es\/index.php\/wp-json\/wp\/v2\/posts\/2205\/revisions"}],"predecessor-version":[{"id":2207,"href":"https:\/\/infogandia.es\/index.php\/wp-json\/wp\/v2\/posts\/2205\/revisions\/2207"}],"wp:featuredmedia":[{"embeddable":true,"href":"https:\/\/infogandia.es\/index.php\/wp-json\/wp\/v2\/media\/2206"}],"wp:attachment":[{"href":"https:\/\/infogandia.es\/index.php\/wp-json\/wp\/v2\/media?parent=2205"}],"wp:term":[{"taxonomy":"category","embeddable":true,"href":"https:\/\/infogandia.es\/index.php\/wp-json\/wp\/v2\/categories?post=2205"},{"taxonomy":"post_tag","embeddable":true,"href":"https:\/\/infogandia.es\/index.php\/wp-json\/wp\/v2\/tags?post=2205"}],"curies":[{"name":"wp","href":"https:\/\/api.w.org\/{rel}","templated":true}]}}