{"id":2252,"date":"2023-12-19T15:55:45","date_gmt":"2023-12-19T15:55:45","guid":{"rendered":"https:\/\/infogandia.es\/?p=2252"},"modified":"2023-12-19T15:55:45","modified_gmt":"2023-12-19T15:55:45","slug":"la-xxii-edicion-del-km-vertical-de-gandia-se-celebrara-el-14-de-enero","status":"publish","type":"post","link":"https:\/\/infogandia.es\/index.php\/2023\/12\/19\/la-xxii-edicion-del-km-vertical-de-gandia-se-celebrara-el-14-de-enero\/","title":{"rendered":"La XXII edici\u00f3n del KM vertical de Gandia se celebrar\u00e1 el 14 de enero"},"content":{"rendered":"\n<p>El concejal delegado de Deportes, Jes\u00fas Naveiro, acompa\u00f1ado por el presidente del Club Alpino Gandia, Miguel Cebri\u00e1n, ha presentado esta ma\u00f1ana la XXII edici\u00f3n del KM Vertical Gandia. Estas dos carreras y la marcha a pie por la monta\u00f1a tendr\u00e1n lugar el pr\u00f3ximo 14 de enero del 2023 a partir de las 8.45 horas con salida a la calle Parpall\u00f3 (junto al Barranco de Beniopa) y meta en la cima del Mond\u00faver en el caso del kil\u00f3metro vertical y la fuente de la Dorva para el medio marat\u00f3n.<\/p>\n\n\n\n<p>Tal y como se ha anunciado en la comparecencia, la edici\u00f3n de este a\u00f1o viene marcada por la inclusi\u00f3n de una nueva distancia: la media marat\u00f3n que propone a los corredores un total de 20,45 kil\u00f3metros y un desnivel positivo de 1.132 metros. A esta prueba se suman el tradicional KM vertical de 14,7 kil\u00f3metros y 1.000 metros de desnivel positivo y la prueba de los caminantes que se desarrolla tambi\u00e9n sobre igual distancia y nivel.<\/p>\n\n\n\n<p>Por lo que respecta a los premios, en todas las modalidades y categor\u00edas se otorgar\u00e1n a los tres primeros clasificados. Adem\u00e1s, tambi\u00e9n se repartir\u00e1 premio a los tres primeros absolutos de Gandia, Barx y Xeresa.<br>Por lo que respecta a las inscripciones, se dividir\u00e1n en dos plazos: 18\u20ac hasta el 1 de enero de 2024 y 20\u20ac a partir del 2 de enero en el caso de las personas que quieran recorrer el kil\u00f3metro. En cuanto a la media marat\u00f3n, el precio es de 21\u20ac hasta el 1 de enero de 2024 y 23\u20ac a partir del 2 de enero. El precio para menores de quince a\u00f1os (inclusive) ser\u00e1 de 15\u20ac con autorizaci\u00f3n paterna obligatoria.<\/p>\n\n\n\n<p>Los corredores dispondr\u00e1n de guardarropa a la salida y tambi\u00e9n de diferentes zonas de avituallamiento. Las salidas, en funci\u00f3n del tiempo, se realizar\u00e1n desde cajones diferentes.<\/p>\n\n\n\n<p>La entrega de dorsales se realizar\u00e1 en el Centro Comercial Plaza Mayor Gandia en los siguientes horarios: viernes 12, de 16.00 a 21.00 horas y s\u00e1bado 13, de 10.00 a 14.00 horas y de 16.00 a 21.00 horas. El mismo d\u00eda de la prueba, la recogida de dorsales se podr\u00e1 realizar en la calle Parpall\u00f3 (junto al Barranco de Beniopa) a partir de las 6.30 horas y hasta 30 minutos antes del comienzo de la prueba.<\/p>\n\n\n\n<p>Naveiro ha querido agradecer al Club la labor que realiza y ha destacado el trabajo que desarrollan los voluntarios y miembros de Polic\u00eda Local, Protecci\u00f3n Civil, Guardia Civil y Guardia Rural. &#8220;Es una prueba que te permite disfrutar de unas vistas y paisajes impresionantes y donde se puede disfrutar mucho&#8221;.<\/p>\n\n\n\n<p>Por su parte, Miguel Cebri\u00e1n incidi\u00f3 en las novedades de la prueba para dar respuesta a las peticiones de los participantes para seguir manteniendo una prueba viva que sea referente a su \u00e1mbito. &#8220;Agradecemos a todos los que colaboran con nosotros para que la prueba sea una realidad ya los Ayuntamientos de Gandia, Xeresa y Barx y los colaboradores y patrocinadores&#8221;.<\/p>\n","protected":false},"excerpt":{"rendered":"<p>La XXII edici\u00f3n del KM vertical de Gandia se celebrar\u00e1 el 14 de enero.<\/p>\n","protected":false},"author":1,"featured_media":2253,"comment_status":"open","ping_status":"open","sticky":false,"template":"","format":"standard","meta":{"footnotes":""},"categories":[1,4],"tags":[68,30],"class_list":["post-2252","post","type-post","status-publish","format-standard","has-post-thumbnail","hentry","category-actualidad","category-deporte","tag-68","tag-gandia"],"_links":{"self":[{"href":"https:\/\/infogandia.es\/index.php\/wp-json\/wp\/v2\/posts\/2252","targetHints":{"allow":["GET"]}}],"collection":[{"href":"https:\/\/infogandia.es\/index.php\/wp-json\/wp\/v2\/posts"}],"about":[{"href":"https:\/\/infogandia.es\/index.php\/wp-json\/wp\/v2\/types\/post"}],"author":[{"embeddable":true,"href":"https:\/\/infogandia.es\/index.php\/wp-json\/wp\/v2\/users\/1"}],"replies":[{"embeddable":true,"href":"https:\/\/infogandia.es\/index.php\/wp-json\/wp\/v2\/comments?post=2252"}],"version-history":[{"count":1,"href":"https:\/\/infogandia.es\/index.php\/wp-json\/wp\/v2\/posts\/2252\/revisions"}],"predecessor-version":[{"id":2260,"href":"https:\/\/infogandia.es\/index.php\/wp-json\/wp\/v2\/posts\/2252\/revisions\/2260"}],"wp:featuredmedia":[{"embeddable":true,"href":"https:\/\/infogandia.es\/index.php\/wp-json\/wp\/v2\/media\/2253"}],"wp:attachment":[{"href":"https:\/\/infogandia.es\/index.php\/wp-json\/wp\/v2\/media?parent=2252"}],"wp:term":[{"taxonomy":"category","embeddable":true,"href":"https:\/\/infogandia.es\/index.php\/wp-json\/wp\/v2\/categories?post=2252"},{"taxonomy":"post_tag","embeddable":true,"href":"https:\/\/infogandia.es\/index.php\/wp-json\/wp\/v2\/tags?post=2252"}],"curies":[{"name":"wp","href":"https:\/\/api.w.org\/{rel}","templated":true}]}}