{"id":2263,"date":"2023-12-19T15:56:56","date_gmt":"2023-12-19T15:56:56","guid":{"rendered":"https:\/\/infogandia.es\/?p=2263"},"modified":"2023-12-19T15:56:56","modified_gmt":"2023-12-19T15:56:56","slug":"gandia-reformara-la-trama-urbana-entre-el-puerto-y-venecia","status":"publish","type":"post","link":"https:\/\/infogandia.es\/index.php\/2023\/12\/19\/gandia-reformara-la-trama-urbana-entre-el-puerto-y-venecia\/","title":{"rendered":"Gandia reformar\u00e1 la trama urbana entre el Puerto y Ven\u00e8cia"},"content":{"rendered":"\n<p>Las mejoras y el cambio urban\u00edstico que se va a llevar a cabo en el Grau Vell de Gandia en los pr\u00f3ximos a\u00f1os gracias al proyecto de la Autoridad Portuaria de Val\u00e8ncia sobre el entorno de los tinglados, ha llevado al Ayuntamiento de esta ciudad a impulsar otro cambio tan o m\u00e1s significativo que ese que pondr\u00e1 fin a la imagen de una antigua zona industrial, hoy un tanto degradada, y a poder abrir, por fin, los dos tramos de la calle Juan de la Cierva, que est\u00e1 interrumpida por dos muros.<br>El departamento de Urbanismo de Gandia que dirige el concejal Vicent Mascarell lleva ma\u00f1ana lunes a la comisi\u00f3n correspondiente un Plan de Reforma Interior (PRI) que afecta a m\u00e1s de 15.000 metros cuadrados comprendidos entre la avenida del Port, la ronda de Ven\u00e8cia y las calles Mare de D\u00e9u del Carme y Padilla.<br>Todo se ha negociado y se ha consensuado con los propietarios de las viviendas y las antiguas naves situadas en esa zona, de manera que se han respetado los elementos de inter\u00e9s y se derribar\u00e1n los que ya no sirven.<br>En resumen, puede decirse que se trata de convertir una antigua zona industrial en otra residencial de calidad acorde con los cambios que se prev\u00e9n en otras \u00e1reas del entorno portuario gandiense.<br>Seg\u00fan explica el concejal Mascarell, uno de los aspectos m\u00e1s llamativos de este proyecto es el derribo de los dos muros que cortan la calle Juan de la Cierva, de manera que su trazado se completar\u00e1 desde la avenida del Port a la calle de Llevant. Esta es una actuaci\u00f3n que reclamaban los vecinos desde hace tiempo.<br>En segundo lugar, la ronda de Ven\u00e8cia sufre una ampliaci\u00f3n de la calzada para situarla en 16 metros, y surge un nuevo vial de 12 metros de anchura que ser\u00e1 semipeatonal junto a una zona verde de dos mil metros cuadrados. En las tres parcelas edificables que tambi\u00e9n surgen de este PRI los propietarios podr\u00e1n construir edificios de planta baja y hasta cuatro alturas.<br>El concejal de Urbanismo estima que entre 12 y 18 meses se podr\u00e1n iniciar las obras de una reforma urban\u00edstica que ser\u00e1 financiada por los propietarios de los terrenos, dado que obtienen beneficios en forma de edificabilidad de las parcelas. \u00abSe oxigena y se mejora todo ese entorno urbano, que gana en calidad, y facilitamos el acceso al \u00e1rea de Ven\u00e8cia\u00bb, concluye Mascarell. El proyecto, en cualquier caso, sale ahora a informaci\u00f3n p\u00fablica para que cualquier afectado pueda presentar\u00a0alegaciones.<\/p>\n","protected":false},"excerpt":{"rendered":"<p>Gandia reformar\u00e1 la trama urbana entre el Puerto y Ven\u00e8cia. <\/p>\n","protected":false},"author":1,"featured_media":2255,"comment_status":"open","ping_status":"open","sticky":false,"template":"","format":"standard","meta":{"footnotes":""},"categories":[1,6],"tags":[],"class_list":["post-2263","post","type-post","status-publish","format-standard","has-post-thumbnail","hentry","category-actualidad","category-economia"],"_links":{"self":[{"href":"https:\/\/infogandia.es\/index.php\/wp-json\/wp\/v2\/posts\/2263","targetHints":{"allow":["GET"]}}],"collection":[{"href":"https:\/\/infogandia.es\/index.php\/wp-json\/wp\/v2\/posts"}],"about":[{"href":"https:\/\/infogandia.es\/index.php\/wp-json\/wp\/v2\/types\/post"}],"author":[{"embeddable":true,"href":"https:\/\/infogandia.es\/index.php\/wp-json\/wp\/v2\/users\/1"}],"replies":[{"embeddable":true,"href":"https:\/\/infogandia.es\/index.php\/wp-json\/wp\/v2\/comments?post=2263"}],"version-history":[{"count":1,"href":"https:\/\/infogandia.es\/index.php\/wp-json\/wp\/v2\/posts\/2263\/revisions"}],"predecessor-version":[{"id":2264,"href":"https:\/\/infogandia.es\/index.php\/wp-json\/wp\/v2\/posts\/2263\/revisions\/2264"}],"wp:featuredmedia":[{"embeddable":true,"href":"https:\/\/infogandia.es\/index.php\/wp-json\/wp\/v2\/media\/2255"}],"wp:attachment":[{"href":"https:\/\/infogandia.es\/index.php\/wp-json\/wp\/v2\/media?parent=2263"}],"wp:term":[{"taxonomy":"category","embeddable":true,"href":"https:\/\/infogandia.es\/index.php\/wp-json\/wp\/v2\/categories?post=2263"},{"taxonomy":"post_tag","embeddable":true,"href":"https:\/\/infogandia.es\/index.php\/wp-json\/wp\/v2\/tags?post=2263"}],"curies":[{"name":"wp","href":"https:\/\/api.w.org\/{rel}","templated":true}]}}