{"id":2265,"date":"2023-12-19T15:57:25","date_gmt":"2023-12-19T15:57:25","guid":{"rendered":"https:\/\/infogandia.es\/?p=2265"},"modified":"2023-12-19T15:57:25","modified_gmt":"2023-12-19T15:57:25","slug":"el-secretario-general-del-ppcv-preside-el-ultimo-comite-ejecutivo-de-gandia","status":"publish","type":"post","link":"https:\/\/infogandia.es\/index.php\/2023\/12\/19\/el-secretario-general-del-ppcv-preside-el-ultimo-comite-ejecutivo-de-gandia\/","title":{"rendered":"El Secretario General del PPCV preside el \u00faltimo Comit\u00e9 Ejecutivo de Gandia"},"content":{"rendered":"\n<p>El Partido Popular de Gandia llev\u00f3 a cabo el \u00faltimo Comit\u00e9 Ejecutivo del a\u00f1o 2023 en su sede local, bajo la presidencia del Secretario General del PPCV, Juanfran P\u00e9rez Llorca. La reuni\u00f3n forma parte del proceso de escucha de la direcci\u00f3n auton\u00f3mica hacia los afiliados y simpatizantes, en l\u00ednea con el compromiso del presidente Carlos Maz\u00f3n de fortalecer las estructuras org\u00e1nicas de las agrupaciones locales.<\/p>\n\n\n\n<p>El Secretario General del Partido Popular de la Comunitat Valencia, Juanfran P\u00e9rez, enfatiz\u00f3 la importancia de la unidad de acci\u00f3n de todos los afiliados para lograr un efectivo proceso de fortalecimiento de las estructuras locales del partido.<\/p>\n\n\n\n<p>Seg\u00fan el presidente del PP de Gandia, V\u00edctor Soler, la presencia de Juanfran P\u00e9rez en Gandia demuestra el compromiso tanto de \u00e9l como del presidente Maz\u00f3n con la ciudad. Soler destac\u00f3 la escucha activa hacia los afiliados y simpatizantes como el camino m\u00e1s efectivo para lograr la unidad de acci\u00f3n dentro del Partido Popular.<\/p>\n\n\n\n<p>Adem\u00e1s, el Partido Popular de Gandia ha anunciado la celebraci\u00f3n de su tradicional brindis de Navidad para afiliados, simpatizantes y vecinos en general. El evento, que busca unir a la familia popular en las festividades navide\u00f1as, se llevar\u00e1 a cabo el viernes 22 de diciembre a las 20:30 horas en la sede de los populares, ubicada en la Calle&nbsp;Pellers,&nbsp;11.<\/p>\n","protected":false},"excerpt":{"rendered":"<p>El Secretario General del PPCV preside el \u00faltimo Comit\u00e9 Ejecutivo de Gandia.<\/p>\n","protected":false},"author":1,"featured_media":2256,"comment_status":"open","ping_status":"open","sticky":false,"template":"","format":"standard","meta":{"footnotes":""},"categories":[1,3],"tags":[68,30],"class_list":["post-2265","post","type-post","status-publish","format-standard","has-post-thumbnail","hentry","category-actualidad","category-politica","tag-68","tag-gandia"],"_links":{"self":[{"href":"https:\/\/infogandia.es\/index.php\/wp-json\/wp\/v2\/posts\/2265","targetHints":{"allow":["GET"]}}],"collection":[{"href":"https:\/\/infogandia.es\/index.php\/wp-json\/wp\/v2\/posts"}],"about":[{"href":"https:\/\/infogandia.es\/index.php\/wp-json\/wp\/v2\/types\/post"}],"author":[{"embeddable":true,"href":"https:\/\/infogandia.es\/index.php\/wp-json\/wp\/v2\/users\/1"}],"replies":[{"embeddable":true,"href":"https:\/\/infogandia.es\/index.php\/wp-json\/wp\/v2\/comments?post=2265"}],"version-history":[{"count":1,"href":"https:\/\/infogandia.es\/index.php\/wp-json\/wp\/v2\/posts\/2265\/revisions"}],"predecessor-version":[{"id":2266,"href":"https:\/\/infogandia.es\/index.php\/wp-json\/wp\/v2\/posts\/2265\/revisions\/2266"}],"wp:featuredmedia":[{"embeddable":true,"href":"https:\/\/infogandia.es\/index.php\/wp-json\/wp\/v2\/media\/2256"}],"wp:attachment":[{"href":"https:\/\/infogandia.es\/index.php\/wp-json\/wp\/v2\/media?parent=2265"}],"wp:term":[{"taxonomy":"category","embeddable":true,"href":"https:\/\/infogandia.es\/index.php\/wp-json\/wp\/v2\/categories?post=2265"},{"taxonomy":"post_tag","embeddable":true,"href":"https:\/\/infogandia.es\/index.php\/wp-json\/wp\/v2\/tags?post=2265"}],"curies":[{"name":"wp","href":"https:\/\/api.w.org\/{rel}","templated":true}]}}