{"id":2269,"date":"2023-12-19T15:59:03","date_gmt":"2023-12-19T15:59:03","guid":{"rendered":"https:\/\/infogandia.es\/?p=2269"},"modified":"2023-12-19T15:59:03","modified_gmt":"2023-12-19T15:59:03","slug":"el-pp-de-gandia-pide-al-gobierno-que-incremente-la-presencia-policial-en-las-zonas-de-esclavas-y-el-prado-ante-el-repunte-de-agresiones","status":"publish","type":"post","link":"https:\/\/infogandia.es\/index.php\/2023\/12\/19\/el-pp-de-gandia-pide-al-gobierno-que-incremente-la-presencia-policial-en-las-zonas-de-esclavas-y-el-prado-ante-el-repunte-de-agresiones\/","title":{"rendered":"El PP de Gandia pide al gobierno que incremente la presencia policial en las zonas de Esclavas y el Prado ante el repunte de agresiones"},"content":{"rendered":"\n<p>El Partido Popular de Gandia \u00a0ha pedido al alcalde Jos\u00e9 \u00a0Manuel Prieto una &#8221;r\u00e1pida y contundente actuaci\u00f3n policial en la zona del Parque de las Esclavas y de la plaza del Prado&#8221; dado que, seg\u00fan ha denunciado &#8221;hace un tiempo que se est\u00e1n produciendo acciones violentas por un grupo de menores que act\u00faan con total impunidad escud\u00e1ndose en su condici\u00f3n de inimputables&#8221;.<\/p>\n\n\n\n<p>Guillermo Barber Fuster, portavoz del PP en Gandia, &nbsp;pide &#8221;prevenci\u00f3n y contundencia ante estas acciones, lo que pasa por una mayor presencia de efectivos policiales en estas zonas y, por supuesto, en toda la ciudad&#8221;.<br>&nbsp;<br>De hecho, se\u00f1alan desde el PP &#8221;no podemos permitir de ninguna manera que nuestros ciudadanos se sientan amedrentados por este tipo de acciones que da\u00f1an profundamente la imagen de la ciudad y perjudican de manera considerable la convivencia y el bienestar de nuestros vecinos. Pedimos al socialista Prieto que, de inmediato, realice las gestiones oportunas para que cesen este tipo de actos&#8221;. &nbsp;<\/p>\n\n\n\n<p>Respuesta de la concejala de Seguridad Ciudadana en el Ayuntamiento de Gandia<br>Lydia Morant Var\u00f3, concejala de Seguridad Ciudadana en el Ayuntamiento de Gandia ha respondido a las declaraciones realizadas por el Partido Popular sobre la seguridad en la zona de Ro\u00eds de Corella, Prado y Esclavas.<\/p>\n\n\n\n<p>Morant Var\u00f3 ha informado que la Polic\u00eda Local y la Polic\u00eda Nacional &#8221;ya han dise\u00f1ado un dispositivo destinado a poner fin a esta situaci\u00f3n provocada por unos pocos menores. Por un lado, tanto la Polic\u00eda Local como la Nacional han reforzado la presencia en esta zona con un dispositivo especial desprendido de haber identificado a los menores&#8221;.<br>&nbsp;<br>Respecto a la inimputabilidad, la concejala de Seguridad Ciudadana ha se\u00f1alado que &#8221;por otro lado, desde el departamento de Servicios Sociales se est\u00e1 abordando la situaci\u00f3n desde el plan familiar para poner fin a este tipo de comportamientos&#8221;.<\/p>\n","protected":false},"excerpt":{"rendered":"<p>El PP de Gandia pide al gobierno que incremente la presencia policial en las zonas de Esclavas y el Prado ante el repunte de agresiones.<\/p>\n","protected":false},"author":1,"featured_media":2256,"comment_status":"open","ping_status":"open","sticky":false,"template":"","format":"standard","meta":{"footnotes":""},"categories":[1,5,3,27],"tags":[68,30],"class_list":["post-2269","post","type-post","status-publish","format-standard","has-post-thumbnail","hentry","category-actualidad","category-educacion","category-politica","category-sociedad","tag-68","tag-gandia"],"_links":{"self":[{"href":"https:\/\/infogandia.es\/index.php\/wp-json\/wp\/v2\/posts\/2269","targetHints":{"allow":["GET"]}}],"collection":[{"href":"https:\/\/infogandia.es\/index.php\/wp-json\/wp\/v2\/posts"}],"about":[{"href":"https:\/\/infogandia.es\/index.php\/wp-json\/wp\/v2\/types\/post"}],"author":[{"embeddable":true,"href":"https:\/\/infogandia.es\/index.php\/wp-json\/wp\/v2\/users\/1"}],"replies":[{"embeddable":true,"href":"https:\/\/infogandia.es\/index.php\/wp-json\/wp\/v2\/comments?post=2269"}],"version-history":[{"count":1,"href":"https:\/\/infogandia.es\/index.php\/wp-json\/wp\/v2\/posts\/2269\/revisions"}],"predecessor-version":[{"id":2270,"href":"https:\/\/infogandia.es\/index.php\/wp-json\/wp\/v2\/posts\/2269\/revisions\/2270"}],"wp:featuredmedia":[{"embeddable":true,"href":"https:\/\/infogandia.es\/index.php\/wp-json\/wp\/v2\/media\/2256"}],"wp:attachment":[{"href":"https:\/\/infogandia.es\/index.php\/wp-json\/wp\/v2\/media?parent=2269"}],"wp:term":[{"taxonomy":"category","embeddable":true,"href":"https:\/\/infogandia.es\/index.php\/wp-json\/wp\/v2\/categories?post=2269"},{"taxonomy":"post_tag","embeddable":true,"href":"https:\/\/infogandia.es\/index.php\/wp-json\/wp\/v2\/tags?post=2269"}],"curies":[{"name":"wp","href":"https:\/\/api.w.org\/{rel}","templated":true}]}}