{"id":2276,"date":"2023-12-20T16:23:56","date_gmt":"2023-12-20T16:23:56","guid":{"rendered":"https:\/\/infogandia.es\/?p=2276"},"modified":"2023-12-20T16:23:56","modified_gmt":"2023-12-20T16:23:56","slug":"oliva-organiza-la-actividad-nadal-intergeneracional","status":"publish","type":"post","link":"https:\/\/infogandia.es\/index.php\/2023\/12\/20\/oliva-organiza-la-actividad-nadal-intergeneracional\/","title":{"rendered":"Oliva organiza la actividad &#8216;Nadal Intergeneracional&#8217;"},"content":{"rendered":"\n<p>Oliva organiza la actividad &#8216;Nadal Intergeneracional&#8217;.l Departamento de Juventud del Ayuntamiento de Oliva ha organizado la actividad &#8216;Nadal Intergeneracional&#8217;. Se trata de un encuentro que se desarrollar\u00e1 el viernes 22 de diciembre en la Casa de la Festa, en horario de 16 a 18 horas.<\/p>\n\n\n\n<p>&#8216;Nadal Intergeneracional&#8217; es una iniciativa pionera en Oliva que tiene como objetivo fundamental aprovechar la festividad de Navidad para promover la conexi\u00f3n intergeneracional entre gente joven y el colectivo de personas mayores. Es decir, compartir experiencias y tradiciones entre personas de varias edades y generaciones a trav\u00e9s de diferentes actividades y talleres.<\/p>\n\n\n\n<p>Entre las actividades que se llevar\u00e1n a cabo se encuentran un taller de gastronom\u00eda, donde se elaborar\u00e1n dulces de Navidad, un taller de manualidades y la confecci\u00f3n de un bingo navide\u00f1o, adem\u00e1s de un photocall en la entrada de la Casa de la Festa y un buz\u00f3n donde se podr\u00e1 escribir un deseo para mejorar el mundo.<\/p>\n\n\n\n<p>Este proyecto se llevar\u00e1 a cabo con la participaci\u00f3n de las alumnas del Taller de Ocupaci\u00f3n &#8220;Oliva Ciudad Condal II&#8221; de la especialidad de Direcci\u00f3n y Coordinaci\u00f3n de Actividades de Tiempo Libre Educativo Infantil y Juvenil y la colaboraci\u00f3n de la Asociaci\u00f3n de Ames de Casa Tyrius de Oliva.<\/p>\n\n\n\n<p>La asistencia es libre y no hace falta inscripci\u00f3n previa.<\/p>\n","protected":false},"excerpt":{"rendered":"<p>Oliva organiza la actividad &#8216;Nadal Intergeneracional&#8217;.<\/p>\n","protected":false},"author":1,"featured_media":2279,"comment_status":"open","ping_status":"open","sticky":false,"template":"","format":"standard","meta":{"footnotes":""},"categories":[1],"tags":[],"class_list":["post-2276","post","type-post","status-publish","format-standard","has-post-thumbnail","hentry","category-actualidad"],"_links":{"self":[{"href":"https:\/\/infogandia.es\/index.php\/wp-json\/wp\/v2\/posts\/2276","targetHints":{"allow":["GET"]}}],"collection":[{"href":"https:\/\/infogandia.es\/index.php\/wp-json\/wp\/v2\/posts"}],"about":[{"href":"https:\/\/infogandia.es\/index.php\/wp-json\/wp\/v2\/types\/post"}],"author":[{"embeddable":true,"href":"https:\/\/infogandia.es\/index.php\/wp-json\/wp\/v2\/users\/1"}],"replies":[{"embeddable":true,"href":"https:\/\/infogandia.es\/index.php\/wp-json\/wp\/v2\/comments?post=2276"}],"version-history":[{"count":1,"href":"https:\/\/infogandia.es\/index.php\/wp-json\/wp\/v2\/posts\/2276\/revisions"}],"predecessor-version":[{"id":2284,"href":"https:\/\/infogandia.es\/index.php\/wp-json\/wp\/v2\/posts\/2276\/revisions\/2284"}],"wp:featuredmedia":[{"embeddable":true,"href":"https:\/\/infogandia.es\/index.php\/wp-json\/wp\/v2\/media\/2279"}],"wp:attachment":[{"href":"https:\/\/infogandia.es\/index.php\/wp-json\/wp\/v2\/media?parent=2276"}],"wp:term":[{"taxonomy":"category","embeddable":true,"href":"https:\/\/infogandia.es\/index.php\/wp-json\/wp\/v2\/categories?post=2276"},{"taxonomy":"post_tag","embeddable":true,"href":"https:\/\/infogandia.es\/index.php\/wp-json\/wp\/v2\/tags?post=2276"}],"curies":[{"name":"wp","href":"https:\/\/api.w.org\/{rel}","templated":true}]}}