{"id":2291,"date":"2023-12-20T16:26:57","date_gmt":"2023-12-20T16:26:57","guid":{"rendered":"https:\/\/infogandia.es\/?p=2291"},"modified":"2023-12-20T16:26:57","modified_gmt":"2023-12-20T16:26:57","slug":"exito-abrumador-del-atletico-club-gandia-de-halteroflia-en-el-campeonato-de-espana-sub17","status":"publish","type":"post","link":"https:\/\/infogandia.es\/index.php\/2023\/12\/20\/exito-abrumador-del-atletico-club-gandia-de-halteroflia-en-el-campeonato-de-espana-sub17\/","title":{"rendered":"\u00c9xito abrumador del Atl\u00e9tico Club Gandia de Halteroflia en el Campeonato de Espa\u00f1a sub17"},"content":{"rendered":"\n<p>Aar\u00f3n Vallejo, Haydan Qui\u00f1onez y Aleina L\u00f3pez fueron los grandes protagonistas al sumar entre los tres un total de ocho medallas en el campeonato disputado en Gij\u00f3n.<\/p>\n\n\n\n<p>Adem\u00e1s, la actuaci\u00f3n colectiva fue igualmente brillante y los halteras gandienses contribuyeron al subcampeonato de Espa\u00f1a conseguido por la Federaci\u00f3n de la Comunitat Valenciana en categor\u00eda masculina, mientras que las chicas fueron cuartas.<\/p>\n\n\n\n<p>Por equipos, y aunque se trata de una clasificaci\u00f3n oficiosa, el club fue el que m\u00e1s puntos sum\u00f3 de los participantes, lo que es un indicativo de sus opciones de cara a la Copa Federaci\u00f3n sub16 y sub18 que se disputa pr\u00f3ximamente.&nbsp;<\/p>\n\n\n\n<p>Aar\u00f3n Vallejo redonde\u00f3 una actuaci\u00f3n estelar con tres medallas de oro, quit\u00e1ndose de encima la decepci\u00f3n de la Copa del Rey.&nbsp;Adem\u00e1s, el haltera internacional refrend\u00f3 las m\u00ednimas para el Europeo y el Mundial.&nbsp;<\/p>\n\n\n\n<p>No menos brillante fue la participaci\u00f3n de Haydan Qui\u00f1onez, que subi\u00f3 al podio en tres ocasiones para recoger la medalla de bronce, superando en los tres casos su mejor marca personal.&nbsp;Aleina L\u00f3pez complet\u00f3 el bot\u00edn de preseas con el subcampeonato de Espa\u00f1a en Dos Tiempos donde mejor\u00f3 su anterior registro y el bronce en el Total Ol\u00edmpico. Adem\u00e1s, Mario Corado roz\u00f3 los metales y fue cuarto.<\/p>\n\n\n\n<p>Finalmente, completaron la expedici\u00f3n gandiense Juan David Gonz\u00e1lez (6\u00ba), Aroa Fern\u00e1ndez y Jes\u00fas Javier Gonzalez ambos en la octava posici\u00f3n, adem\u00e1s de Yuna L\u00f3pez y Nerea Hoyos que fueron&nbsp;decimoprimeras.<\/p>\n","protected":false},"excerpt":{"rendered":"<p>\u00c9xito abrumador del Atl\u00e9tico Club Gandia de Halteroflia en el Campeonato de Espa\u00f1a sub17.<\/p>\n","protected":false},"author":1,"featured_media":2282,"comment_status":"open","ping_status":"open","sticky":false,"template":"","format":"standard","meta":{"footnotes":""},"categories":[1],"tags":[],"class_list":["post-2291","post","type-post","status-publish","format-standard","has-post-thumbnail","hentry","category-actualidad"],"_links":{"self":[{"href":"https:\/\/infogandia.es\/index.php\/wp-json\/wp\/v2\/posts\/2291","targetHints":{"allow":["GET"]}}],"collection":[{"href":"https:\/\/infogandia.es\/index.php\/wp-json\/wp\/v2\/posts"}],"about":[{"href":"https:\/\/infogandia.es\/index.php\/wp-json\/wp\/v2\/types\/post"}],"author":[{"embeddable":true,"href":"https:\/\/infogandia.es\/index.php\/wp-json\/wp\/v2\/users\/1"}],"replies":[{"embeddable":true,"href":"https:\/\/infogandia.es\/index.php\/wp-json\/wp\/v2\/comments?post=2291"}],"version-history":[{"count":1,"href":"https:\/\/infogandia.es\/index.php\/wp-json\/wp\/v2\/posts\/2291\/revisions"}],"predecessor-version":[{"id":2292,"href":"https:\/\/infogandia.es\/index.php\/wp-json\/wp\/v2\/posts\/2291\/revisions\/2292"}],"wp:featuredmedia":[{"embeddable":true,"href":"https:\/\/infogandia.es\/index.php\/wp-json\/wp\/v2\/media\/2282"}],"wp:attachment":[{"href":"https:\/\/infogandia.es\/index.php\/wp-json\/wp\/v2\/media?parent=2291"}],"wp:term":[{"taxonomy":"category","embeddable":true,"href":"https:\/\/infogandia.es\/index.php\/wp-json\/wp\/v2\/categories?post=2291"},{"taxonomy":"post_tag","embeddable":true,"href":"https:\/\/infogandia.es\/index.php\/wp-json\/wp\/v2\/tags?post=2291"}],"curies":[{"name":"wp","href":"https:\/\/api.w.org\/{rel}","templated":true}]}}