{"id":2295,"date":"2023-12-21T11:39:39","date_gmt":"2023-12-21T11:39:39","guid":{"rendered":"https:\/\/infogandia.es\/?p=2295"},"modified":"2023-12-21T11:39:39","modified_gmt":"2023-12-21T11:39:39","slug":"la-palapa-el-nuevo-local-gayfiendly-que-se-ha-inaugurado-en-el-paseo-de-las-germanias","status":"publish","type":"post","link":"https:\/\/infogandia.es\/index.php\/2023\/12\/21\/la-palapa-el-nuevo-local-gayfiendly-que-se-ha-inaugurado-en-el-paseo-de-las-germanias\/","title":{"rendered":"La Palapa, el nuevo local \u2018gayfiendly\u2019 que se ha inaugurado en el Paseo de las Germanias"},"content":{"rendered":"\n<p>Este nuevo sitio de ambiente que tanto necesitaba la ciudad, est\u00e1 situado en el Paseo Germanias, 52. Con una decoraci\u00f3n espectacular, cuenta tambi\u00e9n con una amplia carta de comida. Desde desayunos hasta cenas, todo aquel que lo desse ser\u00e1 servido de forma ininterrumpida. Adem\u00e1s, en este local podr\u00e1s degustar hasta un total de 15 cervezas de diferente origen y el coctel que m\u00e1s te apetezca.<\/p>\n\n\n\n<p>Ariadna LLodr\u00e0, gerente de Soluciones Inmobiliarias y part\u00edcipe del proyecto, cuenta que la idea surge ante la necesidad de abrir un local inclusivo por parte del Colectivo LGTBIQ de la Safor en Gandia. \u201cDesde que se abri\u00f3 , hace dos semanas, ha tenido una gran acogida\u201d, pero fue ayer 20 de diciembre cuando tuvo lugar la inauguraci\u00f3n oficial.<\/p>\n\n\n\n<figure class=\"wp-block-video\"><video height=\"1080\" style=\"aspect-ratio: 1920 \/ 1080;\" width=\"1920\" controls src=\"https:\/\/infogandia.es\/wp-content\/uploads\/2023\/12\/PORQUE-SURGE-LAPALAPA-2023.mp4\"><\/video><\/figure>\n\n\n\n<p>Adem\u00e1s, desde Soluciones Inmobiliarias, invitan a los m\u00e1s peque\u00f1os a conocer a Papa Noel, traerle la cartas y hacerse una foto en su trineo en la Plaza Rei Jaume I, 3 en Gandia el pr\u00f3ximo viernes 22 de diciembre\u00a0a\u00a0las\u00a017:30h.<\/p>\n\n\n\n<figure class=\"wp-block-video\"><video height=\"1080\" style=\"aspect-ratio: 1920 \/ 1080;\" width=\"1920\" controls src=\"https:\/\/infogandia.es\/wp-content\/uploads\/2023\/12\/CARTAS-PAPA-NOEL-2023.mp4\"><\/video><\/figure>\n","protected":false},"excerpt":{"rendered":"<p>La Palapa, el nuevo local \u2018gayfiendly\u2019 que se ha inaugurado en el Paseo de las Germanias<\/p>\n","protected":false},"author":1,"featured_media":2298,"comment_status":"open","ping_status":"open","sticky":false,"template":"","format":"standard","meta":{"footnotes":""},"categories":[1,27,57],"tags":[68,30],"class_list":["post-2295","post","type-post","status-publish","format-standard","has-post-thumbnail","hentry","category-actualidad","category-sociedad","category-turismo","tag-68","tag-gandia"],"_links":{"self":[{"href":"https:\/\/infogandia.es\/index.php\/wp-json\/wp\/v2\/posts\/2295","targetHints":{"allow":["GET"]}}],"collection":[{"href":"https:\/\/infogandia.es\/index.php\/wp-json\/wp\/v2\/posts"}],"about":[{"href":"https:\/\/infogandia.es\/index.php\/wp-json\/wp\/v2\/types\/post"}],"author":[{"embeddable":true,"href":"https:\/\/infogandia.es\/index.php\/wp-json\/wp\/v2\/users\/1"}],"replies":[{"embeddable":true,"href":"https:\/\/infogandia.es\/index.php\/wp-json\/wp\/v2\/comments?post=2295"}],"version-history":[{"count":1,"href":"https:\/\/infogandia.es\/index.php\/wp-json\/wp\/v2\/posts\/2295\/revisions"}],"predecessor-version":[{"id":2299,"href":"https:\/\/infogandia.es\/index.php\/wp-json\/wp\/v2\/posts\/2295\/revisions\/2299"}],"wp:featuredmedia":[{"embeddable":true,"href":"https:\/\/infogandia.es\/index.php\/wp-json\/wp\/v2\/media\/2298"}],"wp:attachment":[{"href":"https:\/\/infogandia.es\/index.php\/wp-json\/wp\/v2\/media?parent=2295"}],"wp:term":[{"taxonomy":"category","embeddable":true,"href":"https:\/\/infogandia.es\/index.php\/wp-json\/wp\/v2\/categories?post=2295"},{"taxonomy":"post_tag","embeddable":true,"href":"https:\/\/infogandia.es\/index.php\/wp-json\/wp\/v2\/tags?post=2295"}],"curies":[{"name":"wp","href":"https:\/\/api.w.org\/{rel}","templated":true}]}}