{"id":2312,"date":"2023-12-22T11:07:43","date_gmt":"2023-12-22T11:07:43","guid":{"rendered":"https:\/\/infogandia.es\/?p=2312"},"modified":"2023-12-22T11:07:43","modified_gmt":"2023-12-22T11:07:43","slug":"gandia-incrementa-su-parque-publico-de-viviendas-con-106-pisos-nuevos-en-santa-anna","status":"publish","type":"post","link":"https:\/\/infogandia.es\/index.php\/2023\/12\/22\/gandia-incrementa-su-parque-publico-de-viviendas-con-106-pisos-nuevos-en-santa-anna\/","title":{"rendered":"Gandia incrementa su parque p\u00fablico de viviendas con 106 pisos nuevos en Santa Anna"},"content":{"rendered":"\n<p>El concejal delegado de Vivienda, Vicent Mascarell, ha informado esta ma\u00f1ana que el Gandia contar\u00e1 con 106 nuevas viviendas que ser\u00e1n destinadas a viviendas en r\u00e9gimen de alquiler asequible en Santa Anna. Esta medida se enmarca en las subvenciones concedidas por el Consejo dentro del Plan de Recuperaci\u00f3n, Transformaci\u00f3n y Resiliencia 2021-2026, financiado por la Uni\u00f3n Europea, con fondos Next Generation EU.<\/p>\n\n\n\n<p>Tal y como ha explicado Mascarell, las viviendas se ubicar\u00e1n en dos solares propiedad de la Entidad Valenciana de Vivienda y Suelo (EVha), dependiente de la Vicepresidencia Segunda y Conselleria de Servicios Sociales, Igualdad y Vivienda. En estos terrenos y con ayuda europea, la UTE Urbania y Visoren construir\u00e1 los dos edificios que ser\u00e1n gestionados por esta UTE.<\/p>\n\n\n\n<p>&#8220;Estamos ante una muy buena noticia que avala el trabajo bien hecho desde el departamento de Vivienda del Ayuntamiento de Gandia. Estas 106 viviendas se suman a los 72 pisos de la primera promoci\u00f3n p\u00fablica que se ejecutar\u00e1 en la ciudad en m\u00e1s de diez a\u00f1os y todo esto lo haremos en el sector de Santa Anna&#8221;. &#8220;El gobierno municipal tiene como uno de sus objetivos principales para esta legislatura poder facilitar el acceso a la vivienda para que todo el mundo que lo desee pueda desarrollar su proyecto de vida en nuestra ciudad. Por eso estamos consiguiendo sumar a esta estrategia otros administraciones o atrayendo la inversi\u00f3n privada, ya que desde el \u00e1mbito estrictamente local ser\u00eda complicado llevar a cabo estas pol\u00edticas\u201d.<\/p>\n\n\n\n<p>&#8220;No nos conformamos. Continuaremos trabajando en esta l\u00ednea y desde el departamento ya estamos estudiando iniciativas con \u00e9sta y otras f\u00f3rmulas que nos permiten seguir aumentando el parque p\u00fablico de vivienda&#8221;,&nbsp;finaliz\u00f3.<\/p>\n","protected":false},"excerpt":{"rendered":"<p>Gandia incrementa su parque p\u00fablico de viviendas con 106 pisos nuevos en Santa Anna.<\/p>\n","protected":false},"author":1,"featured_media":2313,"comment_status":"open","ping_status":"open","sticky":false,"template":"","format":"standard","meta":{"footnotes":""},"categories":[1],"tags":[30],"class_list":["post-2312","post","type-post","status-publish","format-standard","has-post-thumbnail","hentry","category-actualidad","tag-gandia"],"_links":{"self":[{"href":"https:\/\/infogandia.es\/index.php\/wp-json\/wp\/v2\/posts\/2312","targetHints":{"allow":["GET"]}}],"collection":[{"href":"https:\/\/infogandia.es\/index.php\/wp-json\/wp\/v2\/posts"}],"about":[{"href":"https:\/\/infogandia.es\/index.php\/wp-json\/wp\/v2\/types\/post"}],"author":[{"embeddable":true,"href":"https:\/\/infogandia.es\/index.php\/wp-json\/wp\/v2\/users\/1"}],"replies":[{"embeddable":true,"href":"https:\/\/infogandia.es\/index.php\/wp-json\/wp\/v2\/comments?post=2312"}],"version-history":[{"count":1,"href":"https:\/\/infogandia.es\/index.php\/wp-json\/wp\/v2\/posts\/2312\/revisions"}],"predecessor-version":[{"id":2317,"href":"https:\/\/infogandia.es\/index.php\/wp-json\/wp\/v2\/posts\/2312\/revisions\/2317"}],"wp:featuredmedia":[{"embeddable":true,"href":"https:\/\/infogandia.es\/index.php\/wp-json\/wp\/v2\/media\/2313"}],"wp:attachment":[{"href":"https:\/\/infogandia.es\/index.php\/wp-json\/wp\/v2\/media?parent=2312"}],"wp:term":[{"taxonomy":"category","embeddable":true,"href":"https:\/\/infogandia.es\/index.php\/wp-json\/wp\/v2\/categories?post=2312"},{"taxonomy":"post_tag","embeddable":true,"href":"https:\/\/infogandia.es\/index.php\/wp-json\/wp\/v2\/tags?post=2312"}],"curies":[{"name":"wp","href":"https:\/\/api.w.org\/{rel}","templated":true}]}}