{"id":2322,"date":"2023-12-22T11:09:31","date_gmt":"2023-12-22T11:09:31","guid":{"rendered":"https:\/\/infogandia.es\/?p=2322"},"modified":"2023-12-22T11:09:31","modified_gmt":"2023-12-22T11:09:31","slug":"potries-saca-a-concurso-publico-la-redaccion-del-proyecto-de-su-residencia-y-centro-de-dia-para-mayores","status":"publish","type":"post","link":"https:\/\/infogandia.es\/index.php\/2023\/12\/22\/potries-saca-a-concurso-publico-la-redaccion-del-proyecto-de-su-residencia-y-centro-de-dia-para-mayores\/","title":{"rendered":"Potries saca a concurso p\u00fablico la redacci\u00f3n del proyecto de su residencia y centro de d\u00eda para mayores"},"content":{"rendered":"\n<p>El pleno del Ayuntamiento de Potries aprob\u00f3 el pasado mi\u00e9rcoles el inicio del procedimiento de adjudicaci\u00f3n del contrato de redacci\u00f3n del proyecto y direcci\u00f3n de la obra de la residencia y centro de d\u00eda para personas mayores dependientes en Potries. Esto ha llevado a que hoy viernes, el consistorio cassoler haya publicado en la plataforma de contrataci\u00f3n del Estado la licitaci\u00f3n del contrato, con un plazo de 20 d\u00edas para que los estudios de arquitectura se presenten al concurso.<\/p>\n\n\n\n<p>El alcalde, Sergi Vidal, apunta que &#8220;esto confirma el inicio de la primera fase para que la residencia de Potries sea una realidad&#8221;. El Ayuntamiento prev\u00e9 que la redacci\u00f3n del proyecto dure 6 meses y que se pueda pasar a la segunda fase en el \u00faltimo cuatrimestre de 2024, que ser\u00eda el comienzo de la construcci\u00f3n del edificio.<\/p>\n\n\n\n<p>Cabe recordar que la inversi\u00f3n ser\u00e1 de cerca de 17 millones de euros, y que dar\u00e1 servicio a toda la comarca&nbsp;de&nbsp;la&nbsp;Safor.<\/p>\n","protected":false},"excerpt":{"rendered":"<p>Potries saca a concurso p\u00fablico la redacci\u00f3n del proyecto de su residencia y centro de d\u00eda para mayores.<\/p>\n","protected":false},"author":1,"featured_media":2316,"comment_status":"open","ping_status":"open","sticky":false,"template":"","format":"standard","meta":{"footnotes":""},"categories":[1,5],"tags":[68,30],"class_list":["post-2322","post","type-post","status-publish","format-standard","has-post-thumbnail","hentry","category-actualidad","category-educacion","tag-68","tag-gandia"],"_links":{"self":[{"href":"https:\/\/infogandia.es\/index.php\/wp-json\/wp\/v2\/posts\/2322","targetHints":{"allow":["GET"]}}],"collection":[{"href":"https:\/\/infogandia.es\/index.php\/wp-json\/wp\/v2\/posts"}],"about":[{"href":"https:\/\/infogandia.es\/index.php\/wp-json\/wp\/v2\/types\/post"}],"author":[{"embeddable":true,"href":"https:\/\/infogandia.es\/index.php\/wp-json\/wp\/v2\/users\/1"}],"replies":[{"embeddable":true,"href":"https:\/\/infogandia.es\/index.php\/wp-json\/wp\/v2\/comments?post=2322"}],"version-history":[{"count":1,"href":"https:\/\/infogandia.es\/index.php\/wp-json\/wp\/v2\/posts\/2322\/revisions"}],"predecessor-version":[{"id":2323,"href":"https:\/\/infogandia.es\/index.php\/wp-json\/wp\/v2\/posts\/2322\/revisions\/2323"}],"wp:featuredmedia":[{"embeddable":true,"href":"https:\/\/infogandia.es\/index.php\/wp-json\/wp\/v2\/media\/2316"}],"wp:attachment":[{"href":"https:\/\/infogandia.es\/index.php\/wp-json\/wp\/v2\/media?parent=2322"}],"wp:term":[{"taxonomy":"category","embeddable":true,"href":"https:\/\/infogandia.es\/index.php\/wp-json\/wp\/v2\/categories?post=2322"},{"taxonomy":"post_tag","embeddable":true,"href":"https:\/\/infogandia.es\/index.php\/wp-json\/wp\/v2\/tags?post=2322"}],"curies":[{"name":"wp","href":"https:\/\/api.w.org\/{rel}","templated":true}]}}