{"id":2332,"date":"2023-12-22T16:01:12","date_gmt":"2023-12-22T16:01:12","guid":{"rendered":"https:\/\/infogandia.es\/?p=2332"},"modified":"2023-12-22T16:01:12","modified_gmt":"2023-12-22T16:01:12","slug":"la-cabalgata-de-papa-noel-amplia-recorrido","status":"publish","type":"post","link":"https:\/\/infogandia.es\/index.php\/2023\/12\/22\/la-cabalgata-de-papa-noel-amplia-recorrido\/","title":{"rendered":"La cabalgata de Pap\u00e1 Noel ampl\u00eda recorrido"},"content":{"rendered":"\n<p>La concejala delegada de Cultura, Balbina Sendra acompa\u00f1ada por el edil de Participaci\u00f3n Ciudadana, Liduvina Gil, ha comparecido esta ma\u00f1ana en rueda de prensa para informar de dos de las actividades m\u00e1s destacadas que se celebrar\u00e1n durante los pr\u00f3ximos d\u00edas y que se enmarcan en la programaci\u00f3n navide\u00f1a dise\u00f1ada por el consistorio.<\/p>\n\n\n\n<p>La primera es la bienvenida de Pap\u00e1 Noel que se celebrar\u00e1 el pr\u00f3ximo 24 de diciembre a partir de las 17.45 horas.<\/p>\n\n\n\n<p>Tal y como ha explicado Sendra, la comitiva saldr\u00e1 de la plaza Mayor y contar\u00e1 con un recorrido ampliado: c\/ dels Arcs, Pl. Mayor, San Pascual, Alcal\u00e1 del Olmo, Avenida de Alicante, Escuela P\u00eda, Mayor, paseo Germanies, Francisco de Borja para finalizar en el patio de la Escuela P\u00eda.<\/p>\n\n\n\n<p>En cuanto a las novedades, se ha explicado que Pap\u00e1 Noel bajar\u00e1 de su trineo en la plaza Mayor para poder saludar a la corporaci\u00f3n municipal ya todas las personas congregadas en la plaza y recoger la llave m\u00e1gica que abra todas las casas de Gandia.<\/p>\n\n\n\n<p>En la cabalgata participar\u00e1n alrededor de 110 personas, entre m\u00fasicos, patinadores\/as, actores, bailarinas y figurantes.<\/p>\n\n\n\n<p>Sendra ha querido agradecer la colaboraci\u00f3n de todos los departamentos implicados en esta iniciativa y ha destacado el trabajo de los voluntarios, clubes, entidades y organismos que participan de forma desinteresada para que esta noche sea m\u00e1gica.<\/p>\n\n\n\n<p>La segunda actividad de la que se ha informado son las campanadas infantiles que, tras la excelente acogida que tuvieron el pasado a\u00f1o, se vuelven a celebrar el d\u00eda 31 en la plaza Mayor por la ma\u00f1ana. Gil ha informado que en esta ocasi\u00f3n la fiesta empezar\u00e1 a las 11.30 horas con animaci\u00f3n teatral a cargo de la compa\u00f1\u00eda &#8216;Estranya teatre Cia&#8217; y su espect\u00e1culo &#8216;Ad\u00e9u al 23&#8217;. A las 12 horas ser\u00e1 el turno para las campanadas y acto seguido empezar\u00e1 una fiesta llena de baile, m\u00fasica y animaci\u00f3n.<\/p>\n\n\n\n<p>El edil ha explicado que el consistorio regalar\u00e1 las uvas a los ni\u00f1os y ni\u00f1as que vayan, pero que para poder calcular la cantidad es necesario inscribirse en&nbsp;www.gandia.es.<\/p>\n","protected":false},"excerpt":{"rendered":"<p>La cabalgata de Pap\u00e1 Noel ampl\u00eda recorrido.<\/p>\n","protected":false},"author":1,"featured_media":2327,"comment_status":"open","ping_status":"open","sticky":false,"template":"","format":"standard","meta":{"footnotes":""},"categories":[1,27],"tags":[],"class_list":["post-2332","post","type-post","status-publish","format-standard","has-post-thumbnail","hentry","category-actualidad","category-sociedad"],"_links":{"self":[{"href":"https:\/\/infogandia.es\/index.php\/wp-json\/wp\/v2\/posts\/2332","targetHints":{"allow":["GET"]}}],"collection":[{"href":"https:\/\/infogandia.es\/index.php\/wp-json\/wp\/v2\/posts"}],"about":[{"href":"https:\/\/infogandia.es\/index.php\/wp-json\/wp\/v2\/types\/post"}],"author":[{"embeddable":true,"href":"https:\/\/infogandia.es\/index.php\/wp-json\/wp\/v2\/users\/1"}],"replies":[{"embeddable":true,"href":"https:\/\/infogandia.es\/index.php\/wp-json\/wp\/v2\/comments?post=2332"}],"version-history":[{"count":1,"href":"https:\/\/infogandia.es\/index.php\/wp-json\/wp\/v2\/posts\/2332\/revisions"}],"predecessor-version":[{"id":2333,"href":"https:\/\/infogandia.es\/index.php\/wp-json\/wp\/v2\/posts\/2332\/revisions\/2333"}],"wp:featuredmedia":[{"embeddable":true,"href":"https:\/\/infogandia.es\/index.php\/wp-json\/wp\/v2\/media\/2327"}],"wp:attachment":[{"href":"https:\/\/infogandia.es\/index.php\/wp-json\/wp\/v2\/media?parent=2332"}],"wp:term":[{"taxonomy":"category","embeddable":true,"href":"https:\/\/infogandia.es\/index.php\/wp-json\/wp\/v2\/categories?post=2332"},{"taxonomy":"post_tag","embeddable":true,"href":"https:\/\/infogandia.es\/index.php\/wp-json\/wp\/v2\/tags?post=2332"}],"curies":[{"name":"wp","href":"https:\/\/api.w.org\/{rel}","templated":true}]}}