{"id":2336,"date":"2024-01-08T16:37:16","date_gmt":"2024-01-08T16:37:16","guid":{"rendered":"https:\/\/infogandia.es\/?p=2336"},"modified":"2024-02-01T12:03:11","modified_gmt":"2024-02-01T12:03:11","slug":"oliva-celebra-el-porrat-y-las-calderas-de-sant-antoni-los-dias-12-13-y-14-de-enero","status":"publish","type":"post","link":"https:\/\/infogandia.es\/index.php\/2024\/01\/08\/oliva-celebra-el-porrat-y-las-calderas-de-sant-antoni-los-dias-12-13-y-14-de-enero\/","title":{"rendered":"Oliva celebra el porrat y las calderas de Sant Antoni los d\u00edas 12, 13 y 14 de enero"},"content":{"rendered":"\n<p>La concejal\u00eda de Fiestas del Ayuntamiento de Oliva, con la colaboraci\u00f3n de los Festers de la calle de Sant Vicent, ha organizado para los pr\u00f3ximos 12, 13 y 14 de enero el tradicional porrat de Sant Antoni.<\/p>\n\n\n\n<p>&#8220;De los porrados de enero, San Antonio es el primero&#8221;, dice nuestro refranero popular, lo que significa que la celebraci\u00f3n de San Antonio Abad (alrededor del 17 de enero, d\u00eda del Santo), inicia el calendario de los porrados valencianos, que son varios y se suceden a lo largo del a\u00f1o. De hecho, el porrat de San Antonio de Oliva comienza la Ruta de los Porrados de la Mancomunidad de Municipios de la Safor, una ruta que agrupa los porrados hist\u00f3ricos de nuestra comarca (Oliva, Benirredr\u00e0, La Font d&#8217;En Carr\u00f2s, Potries, R\u00f3tova, Tavernes de la Valldigna y La Alquer\u00eda de la Condesa).<\/p>\n\n\n\n<figure class=\"wp-block-video\"><video height=\"1080\" style=\"aspect-ratio: 1920 \/ 1080;\" width=\"1920\" controls src=\"http:\/\/infogandia.es\/wp-content\/uploads\/2024\/02\/PORRAT-ALCALDESA.mp4\"><\/video><\/figure>\n\n\n\n<p>De hecho, se tiene constancia de la celebraci\u00f3n de los primeros porrados de Sant Antoni de Oliva junto a la iglesia de Sant Roc, en el siglo XVII. Tambi\u00e9n en Sant Roc encontramos el origen de las calderas de Sant Antoni, gracias al almuerzo popular que su cura instaur\u00f3 ante la miseria de la posguerra para que los m\u00e1s pobres pudieran sobrepasar mejor el fr\u00edo del invierno. Una comida popular que se mantuvo durante dos d\u00e9cadas y que en 1999 los Festers de la calle San Vicente recuperaron.<\/p>\n\n\n\n<p>El porrat de San Antonio de Oliva tendr\u00e1 lugar como siempre en el barrio del Raval-Gerreria, entre las calles San Vicente y la plaza de Ganguis, e incluir\u00e1 las tradicionales calderas de San Antonio el s\u00e1bado d\u00eda 13 de enero en la calle de San Vicente, adem\u00e1s de un mercado de oficios, figurantes vestidos de \u00e9poca y exhibiciones de baile, desfile de bicicletas antiguas, visitas guiadas por los sitios m\u00e1s emblem\u00e1ticos de la ciudad, ludoteca, atracciones y talleres infantiles.<\/p>\n\n\n\n<p>En cuanto a las calderas, en la actualidad se preparan con le\u00f1a un total de 34 calderas de hierro, lo que supone m\u00e1s de 4.000 raciones de arroz caldoso con frijoles y nabo para todos los vecinos que quieran participar, bien llevando se lo en casa, o en la comida popular que se organiza en la misma calle de San Vicente.<\/p>\n\n\n\n<p>Las celebraciones tambi\u00e9n incluyen, este a\u00f1o el domingo 21 de enero, la tradicional bendici\u00f3n de animales de Sant Antoni y el reparto del pan bendito, despu\u00e9s de la misa en la ermita de Sant.<\/p>\n\n\n\n<p>El concejal de Fiestas, \u00c1lvaro S\u00e1nchez, ha querido &#8220;agradecer a los Festeros de calle San Vicente su gran trabajo especialmente en la recuperaci\u00f3n y elaboraci\u00f3n de las calderas desde hace 26 a\u00f1os. Y tambi\u00e9n invitar a todos los vecinos y vecinas de Oliva y de la Safor, a la que vengan a disfrutar del Porrat, de las Calderas con su arroz cocido con le\u00f1a tan bueno y adecuado para el invierno, y tambi\u00e9n de la Bendici\u00f3n del domingo 21.&#8221;<\/p>\n\n\n\n<figure class=\"wp-block-video\"><video height=\"1080\" style=\"aspect-ratio: 1920 \/ 1080;\" width=\"1920\" controls src=\"http:\/\/infogandia.es\/wp-content\/uploads\/2024\/02\/CONCEJAL-TURISMO.mp4\"><\/video><\/figure>\n\n\n\n<p>El horario de las principales actividades previstas en el Porrat de Sant Antoni de Oliva 2024 ser\u00e1:<\/p>\n\n\n\n<p>VIERNES 12<br>17:00 h, inauguraci\u00f3n, talleres y atracciones.<br>19.00 h, inauguraci\u00f3n oficial desde el Centro Social de San Vicente.<\/p>\n\n\n\n<p>S\u00c1BADO 13<br>8.00 h, comienza la elaboraci\u00f3n de las Calderas de San Antonio en la calle San Vicente.<br>10:00 h, recepci\u00f3n de los grupos modernistas.<br>11.00 hy 12.00 h, visitas guiadas a los lugares m\u00e1s emblem\u00e1ticos de la ciudad.<br>11.00 h, comienza el taller participativo de alfarer\u00eda.<br>12.00 hy 13.00 h, exhibiciones de bailes de \u00e9poca.<br>13.00 h, reparto de la comida popular de las Calderas de Sant Antoni.<br>16.30 h, visitas guiadas a museos y lugares de inter\u00e9s<br>17.00 h, exhibici\u00f3n de croquet<br>20.00 h, hasta las 23.00 h, actuaci\u00f3n del grupo &#8216;Pacific Blue&#8217; en la plaza de Ganguis.<\/p>\n\n\n\n<p>DOMINGO 14<br>10:00 h, recepci\u00f3n de los grupos modernistas.<br>11:00 h, visitas guiadas a los lugares m\u00e1s emblem\u00e1ticos de la ciudad.<br>12.00 h, exhibici\u00f3n y recreaci\u00f3n de las lavanderas, modistas, sastrer\u00eda, violetas y panaderas.<br>12.30 h, exhibici\u00f3n de bailes populares de \u00e9poca.<br>12.30 h, desfile de bicicletas antiguas<br>17.30 h, danza tradicional de \u00e9poca<br>21.00 h, clausura de la Feria Modernista<\/p>\n\n\n\n<p>DOMINGO 21<br>10.00 h, almuerzo popular para carreteras y caballistas, de gamba con acelga, en la calle de San Vicente.<br>11.00 h, en la ermita del santo, solemne misa. Al finalizar, reparto del pan bendito y bendici\u00f3n&nbsp;de&nbsp;animales.<\/p>\n\n\n\n<figure class=\"wp-block-image size-large\"><img fetchpriority=\"high\" decoding=\"async\" width=\"715\" height=\"1024\" src=\"http:\/\/infogandia.es\/wp-content\/uploads\/2024\/01\/porrat-Sant-Antoni-24-cartell-retallat-715x1024.jpeg\" alt=\"\" class=\"wp-image-2346\" srcset=\"https:\/\/infogandia.es\/wp-content\/uploads\/2024\/01\/porrat-Sant-Antoni-24-cartell-retallat-715x1024.jpeg 715w, https:\/\/infogandia.es\/wp-content\/uploads\/2024\/01\/porrat-Sant-Antoni-24-cartell-retallat-209x300.jpeg 209w, https:\/\/infogandia.es\/wp-content\/uploads\/2024\/01\/porrat-Sant-Antoni-24-cartell-retallat-768x1100.jpeg 768w, https:\/\/infogandia.es\/wp-content\/uploads\/2024\/01\/porrat-Sant-Antoni-24-cartell-retallat.jpeg 1019w\" sizes=\"(max-width: 715px) 100vw, 715px\" \/><\/figure>\n","protected":false},"excerpt":{"rendered":"<p>La concejal\u00eda de Fiestas del Ayuntamiento de Oliva, con la colaboraci\u00f3n de los Festers de la calle de Sant Vicent, ha organizado para los pr\u00f3ximos 12, 13 y 14 de enero el tradicional porrat de Sant Antoni. &#8220;De los porrados de enero, San Antonio es el primero&#8221;, dice nuestro refranero popular, lo que significa que&#8230;<\/p>\n","protected":false},"author":1,"featured_media":2347,"comment_status":"open","ping_status":"open","sticky":false,"template":"","format":"standard","meta":{"footnotes":""},"categories":[1],"tags":[],"class_list":["post-2336","post","type-post","status-publish","format-standard","has-post-thumbnail","hentry","category-actualidad"],"_links":{"self":[{"href":"https:\/\/infogandia.es\/index.php\/wp-json\/wp\/v2\/posts\/2336","targetHints":{"allow":["GET"]}}],"collection":[{"href":"https:\/\/infogandia.es\/index.php\/wp-json\/wp\/v2\/posts"}],"about":[{"href":"https:\/\/infogandia.es\/index.php\/wp-json\/wp\/v2\/types\/post"}],"author":[{"embeddable":true,"href":"https:\/\/infogandia.es\/index.php\/wp-json\/wp\/v2\/users\/1"}],"replies":[{"embeddable":true,"href":"https:\/\/infogandia.es\/index.php\/wp-json\/wp\/v2\/comments?post=2336"}],"version-history":[{"count":2,"href":"https:\/\/infogandia.es\/index.php\/wp-json\/wp\/v2\/posts\/2336\/revisions"}],"predecessor-version":[{"id":2674,"href":"https:\/\/infogandia.es\/index.php\/wp-json\/wp\/v2\/posts\/2336\/revisions\/2674"}],"wp:featuredmedia":[{"embeddable":true,"href":"https:\/\/infogandia.es\/index.php\/wp-json\/wp\/v2\/media\/2347"}],"wp:attachment":[{"href":"https:\/\/infogandia.es\/index.php\/wp-json\/wp\/v2\/media?parent=2336"}],"wp:term":[{"taxonomy":"category","embeddable":true,"href":"https:\/\/infogandia.es\/index.php\/wp-json\/wp\/v2\/categories?post=2336"},{"taxonomy":"post_tag","embeddable":true,"href":"https:\/\/infogandia.es\/index.php\/wp-json\/wp\/v2\/tags?post=2336"}],"curies":[{"name":"wp","href":"https:\/\/api.w.org\/{rel}","templated":true}]}}