{"id":2355,"date":"2024-01-08T16:39:58","date_gmt":"2024-01-08T16:39:58","guid":{"rendered":"https:\/\/infogandia.es\/?p=2355"},"modified":"2024-01-08T16:39:58","modified_gmt":"2024-01-08T16:39:58","slug":"detenidos-los-responsables-del-robo-de-cable-del-alumbrado-publico-de-la-font-bellreguard-miramar-y-daimus","status":"publish","type":"post","link":"https:\/\/infogandia.es\/index.php\/2024\/01\/08\/detenidos-los-responsables-del-robo-de-cable-del-alumbrado-publico-de-la-font-bellreguard-miramar-y-daimus\/","title":{"rendered":"Detenidos los responsables del robo de cable del alumbrado p\u00fablico de La Font, Bellreguard, Miramar y Daim\u00fas"},"content":{"rendered":"\n<p>La investigaci\u00f3n comenz\u00f3 tras la denuncia del robo del cobre del alumbrado p\u00fablico de los municipios de La Font d&#8217;en Carr\u00f2s, Bellreguard, Miramar y Daim\u00fas. Los agentes inspeccionaron los centros de recogida y reciclaje de estos materiales y lograron, junto con las posteriores diligencias, descubrir la identidad de los autores.<\/p>\n\n\n\n<p>Finalmente los agentes de la Guardia Civil de la Comandancia de Val\u00e8ncia adscritos a la Compa\u00f1\u00eda de Gandia han detenido en Cullera a tres hombres, de nacionalidad espa\u00f1ola, de entre 35 y 42 a\u00f1os por su participaci\u00f3n en los cuatro delitos de robo con fuerza del cableado p\u00fablico.<\/p>\n\n\n\n<p>Adem\u00e1s los miembros de la Benem\u00e9rita se han incautado del veh\u00edculo con el que comet\u00edan los hechos delictivos.<\/p>\n\n\n\n<p>Los detenidos junto con el atestado policial instruido han sido puestos a disposici\u00f3n del juez&nbsp;de&nbsp;guardia.<\/p>\n","protected":false},"excerpt":{"rendered":"<p>Detenidos los responsables del robo de cable del alumbrado p\u00fablico de La Font, Bellreguard, Miramar y Daim\u00fas. <\/p>\n","protected":false},"author":1,"featured_media":2341,"comment_status":"open","ping_status":"open","sticky":false,"template":"","format":"standard","meta":{"footnotes":""},"categories":[1,27],"tags":[],"class_list":["post-2355","post","type-post","status-publish","format-standard","has-post-thumbnail","hentry","category-actualidad","category-sociedad"],"_links":{"self":[{"href":"https:\/\/infogandia.es\/index.php\/wp-json\/wp\/v2\/posts\/2355","targetHints":{"allow":["GET"]}}],"collection":[{"href":"https:\/\/infogandia.es\/index.php\/wp-json\/wp\/v2\/posts"}],"about":[{"href":"https:\/\/infogandia.es\/index.php\/wp-json\/wp\/v2\/types\/post"}],"author":[{"embeddable":true,"href":"https:\/\/infogandia.es\/index.php\/wp-json\/wp\/v2\/users\/1"}],"replies":[{"embeddable":true,"href":"https:\/\/infogandia.es\/index.php\/wp-json\/wp\/v2\/comments?post=2355"}],"version-history":[{"count":1,"href":"https:\/\/infogandia.es\/index.php\/wp-json\/wp\/v2\/posts\/2355\/revisions"}],"predecessor-version":[{"id":2356,"href":"https:\/\/infogandia.es\/index.php\/wp-json\/wp\/v2\/posts\/2355\/revisions\/2356"}],"wp:featuredmedia":[{"embeddable":true,"href":"https:\/\/infogandia.es\/index.php\/wp-json\/wp\/v2\/media\/2341"}],"wp:attachment":[{"href":"https:\/\/infogandia.es\/index.php\/wp-json\/wp\/v2\/media?parent=2355"}],"wp:term":[{"taxonomy":"category","embeddable":true,"href":"https:\/\/infogandia.es\/index.php\/wp-json\/wp\/v2\/categories?post=2355"},{"taxonomy":"post_tag","embeddable":true,"href":"https:\/\/infogandia.es\/index.php\/wp-json\/wp\/v2\/tags?post=2355"}],"curies":[{"name":"wp","href":"https:\/\/api.w.org\/{rel}","templated":true}]}}