{"id":2376,"date":"2024-01-11T08:03:26","date_gmt":"2024-01-11T08:03:26","guid":{"rendered":"https:\/\/infogandia.es\/?p=2376"},"modified":"2024-01-11T08:03:26","modified_gmt":"2024-01-11T08:03:26","slug":"la-primera-romeria-de-historia-medieval-de-la-safor-llega-a-gandia","status":"publish","type":"post","link":"https:\/\/infogandia.es\/index.php\/2024\/01\/11\/la-primera-romeria-de-historia-medieval-de-la-safor-llega-a-gandia\/","title":{"rendered":"La primera Romer\u00eda de Historia Medieval de la Safor llega a Gand\u00eda"},"content":{"rendered":"\n<p>La primera teniente de Alcald\u00eda y concejala de Patrimonio Cultural, Alicia Izquierdo; los organizadores, Miquel Faus y Frederic Aparisi, ambos miembros del departamento de historia medieval de la UV, y el presidente de la Mancomunidad de la Safor, Salvador Femenia, presentaron hoy el primer Aplec de Historia Medieval de la Safor.<\/p>\n\n\n\n<p>Se trata de un encuentro cient\u00edfico, que acoger\u00e1 el Museo Arqueol\u00f3gico de Gandia (MAGa) los d\u00edas 26 y 27 de enero, de m\u00e1s de una 15 investigadores e investigadoras de la comarca, mayoritariamente j\u00f3venes, que han puesto la mirada sobre la Safor por hacer de ella el observatorio de sus b\u00fasquedas. La iniciativa ya se lleva a cabo en otros lugares como Vall d&#8217;Albaida o Ribera. Hay que explicar que, en este caso, el ciclo est\u00e1 especializado en el per\u00edodo medieval porque los organizadores, expertos en la materia, as\u00ed lo han considerado.<\/p>\n\n\n\n<p>&#8220;La idea es que se consolide y que, a partir de ahora, cada edici\u00f3n sea en un lugar diferente a la Safor&#8221;, ha comentado Izquierdo. Como capital de la comarca, este a\u00f1o Gandia ha asumido el reto de ser la sede del proyecto gracias a la ayuda del director del MAGa, Joan Negre, que ha sido el secretario local y coorganizador de la primera edici\u00f3n, y en la colaboraci\u00f3n de la Mancomunidad de Municipios de la Safor.<\/p>\n\n\n\n<p>El programa empezar\u00e1 dentro de dos viernes con la apertura institucional a las 11 horas y la conferencia inaugural &#8220;Secuelas de las German\u00edas. Valldigna y el horno de Carcaixent.&#8221;, que se har\u00e1 a las 11.30 horas y estar\u00e1 impartida por el historiador y escritor Ferran Garcia-Oliver.<\/p>\n\n\n\n<p>La primera sesi\u00f3n del d\u00eda, que empezar\u00e1 a las 12.30 horas, estar\u00e1 moderada por el doctor e historiador Ferr\u00e1n Esquilache y contar\u00e1 con la participaci\u00f3n de Joan Negre y el arque\u00f3logo Miquel Rosell\u00f3, quienes hablar\u00e1n sobre las intervenciones m\u00e1s recientes que se han hecho en los castillos de la Safor.<\/p>\n\n\n\n<p>A las 16 horas habr\u00e1 un segundo coloquio sobre la poblaci\u00f3n rural y la producci\u00f3n agraria en \u00e9poca andalus\u00ed. En este caso, moderar\u00e1 Joan Negre y participar\u00e1n Ferran Esquilache, el historiador Emili Moscard\u00f3 y el arque\u00f3logo e historiador Miquel Signes.<\/p>\n\n\n\n<p>A las 18 horas arrancar\u00e1 la tercera y \u00faltima sesi\u00f3n del d\u00eda, en la que los arque\u00f3logos Noem\u00ed Daniel y Toni el Verger Dos Santos, y el historiador Miguel Robledillo, hablar\u00e1n sobre los l\u00edmites del territorio medieval con la ayuda del moderador Miquel Signes.<\/p>\n\n\n\n<p>El s\u00e1bado 27 empezar\u00e1 a las 9.30 horas con la ponencia sobre las armas de los caballeros que moderar\u00e1 Frederic Aparisi Romero y llevar\u00e1n a cabo los historiadores Jos\u00e9 Luis Pastor Zapata, Luis Gal\u00e1n y Miquel Faus.<\/p>\n\n\n\n<p>A las 11:30 horas llegar\u00e1 la segunda sesi\u00f3n, dedicada a la palabra y la m\u00fasica escrita y moderada por Miquel Faus, que dirigir\u00e1 a la doctora en Historia Medieval Sandra Bernabeu; el music\u00f3logo Ferran Escriv\u00e1; el doctor en Historia de la Cultura Escrita, Alfred Garc\u00eda, y la fil\u00f3loga Blanca Garc\u00eda.<\/p>\n\n\n\n<p>Por \u00faltimo, Jos\u00e9 Luis Pastor Zapata moderar\u00e1 la sesi\u00f3n dedicada a las mujeres en la Safor medieval, que empezar\u00e1 a las 16 horas y contar\u00e1 con la participaci\u00f3n de Frederic Aparisi y la historiadora medieval Marta Morant. Tras este coloquio, vendr\u00e1n las conclusiones y cierre del ciclo, que tendr\u00e1 lugar a las 17.30 horas.<\/p>\n\n\n\n<p>Todas las charlas estar\u00e1n abiertas al p\u00fablico y las personas interesadas en asistir pueden consultar el programa completo en las redes sociales del MAGa y del Ayuntamiento de Gandia. \u00abHemos querido que fuera gratuito para que el p\u00fablico general, no acad\u00e9mico, pueda acudir y conocer lo que est\u00e1 pasando dentro del sector. Sin embargo, esto no deja de ser una reuni\u00f3n cient\u00edfica en la que todo se comunicar\u00e1 de una forma muy rigurosa\u00bb, ha se\u00f1alado Faus.<\/p>\n\n\n\n<p>Por \u00faltimo, Femenia ha asegurado que la Mancomunidad siempre dar\u00e1 su apoyo a todo aquello que sea &#8220;difundir la cultura y el patrimonio de la comarca&#8221;, y ha invitado a todas las personas de la Safor a descubrir esta&nbsp;iniciativa.<\/p>\n","protected":false},"excerpt":{"rendered":"<p>La primera Romer\u00eda de Historia Medieval de la Safor llega a Gand\u00eda.<\/p>\n","protected":false},"author":1,"featured_media":2367,"comment_status":"open","ping_status":"open","sticky":false,"template":"","format":"standard","meta":{"footnotes":""},"categories":[1],"tags":[30],"class_list":["post-2376","post","type-post","status-publish","format-standard","has-post-thumbnail","hentry","category-actualidad","tag-gandia"],"_links":{"self":[{"href":"https:\/\/infogandia.es\/index.php\/wp-json\/wp\/v2\/posts\/2376","targetHints":{"allow":["GET"]}}],"collection":[{"href":"https:\/\/infogandia.es\/index.php\/wp-json\/wp\/v2\/posts"}],"about":[{"href":"https:\/\/infogandia.es\/index.php\/wp-json\/wp\/v2\/types\/post"}],"author":[{"embeddable":true,"href":"https:\/\/infogandia.es\/index.php\/wp-json\/wp\/v2\/users\/1"}],"replies":[{"embeddable":true,"href":"https:\/\/infogandia.es\/index.php\/wp-json\/wp\/v2\/comments?post=2376"}],"version-history":[{"count":1,"href":"https:\/\/infogandia.es\/index.php\/wp-json\/wp\/v2\/posts\/2376\/revisions"}],"predecessor-version":[{"id":2377,"href":"https:\/\/infogandia.es\/index.php\/wp-json\/wp\/v2\/posts\/2376\/revisions\/2377"}],"wp:featuredmedia":[{"embeddable":true,"href":"https:\/\/infogandia.es\/index.php\/wp-json\/wp\/v2\/media\/2367"}],"wp:attachment":[{"href":"https:\/\/infogandia.es\/index.php\/wp-json\/wp\/v2\/media?parent=2376"}],"wp:term":[{"taxonomy":"category","embeddable":true,"href":"https:\/\/infogandia.es\/index.php\/wp-json\/wp\/v2\/categories?post=2376"},{"taxonomy":"post_tag","embeddable":true,"href":"https:\/\/infogandia.es\/index.php\/wp-json\/wp\/v2\/tags?post=2376"}],"curies":[{"name":"wp","href":"https:\/\/api.w.org\/{rel}","templated":true}]}}