{"id":2388,"date":"2024-01-11T08:09:29","date_gmt":"2024-01-11T08:09:29","guid":{"rendered":"https:\/\/infogandia.es\/?p=2388"},"modified":"2024-01-11T08:09:29","modified_gmt":"2024-01-11T08:09:29","slug":"una-nueva-incidencia-en-cercanias-provoca-demoras-en-las-lineas-de-xativa-y-gandia","status":"publish","type":"post","link":"https:\/\/infogandia.es\/index.php\/2024\/01\/11\/una-nueva-incidencia-en-cercanias-provoca-demoras-en-las-lineas-de-xativa-y-gandia\/","title":{"rendered":"Una nueva incidencia en Cercan\u00edas provoca demoras en las l\u00edneas de X\u00e0tiva y Gandia"},"content":{"rendered":"\n<p>Los usuarios m\u00e1s madrugadores de las l\u00edneas de Cercan\u00edas C1 y C2, Valencia-Gandia y Valencia-X\u00e0tiva-Moixent, han vuelto a llegar tarde a su destino. Los trenes de entre las 6:45 y las 7 de la ma\u00f1ana volv\u00edan a sufrir demoras debido, esta vez, a una aver\u00eda en la infraestructura, seg\u00fan informaban desde Renfe Cercan\u00edas.<\/p>\n\n\n\n<p>Se advert\u00eda de demoras de hasta 20 minutos, pero finalmente la aver\u00eda ha podido subsanarse r\u00e1pidamente y el servicio se ha restablecido con normalidad a partir de las 7 de la ma\u00f1ana, aseguran desde Renfe.<\/p>\n\n\n\n<p>Los viajeros se lo toman ya con resignaci\u00f3n tras a\u00f1os de manifestaciones y denuncias. \u00abEl d\u00eda de la marmota\u00bb, comentan. Y es que en los diez d\u00edas que lleva este a\u00f1o, son ya tres las incidencias que se han producido en el servicio de Cercan\u00edas Valencia.<\/p>\n\n\n\n<p>El primer d\u00eda laborable del a\u00f1o, el d\u00eda 2, se produjeron dos incidencias. Una a primera hora de la ma\u00f1ana y que afect\u00f3 a todas las l\u00edneas. Debido a una aver\u00eda en la catenaria, por seguridad, se interrumpi\u00f3 toda la circulaci\u00f3n de entrada y salida de Valencia Nord. La incidencia se mantuvo entre las 8:30 y las 8:50&nbsp;de&nbsp;la&nbsp;ma\u00f1ana.<\/p>\n","protected":false},"excerpt":{"rendered":"<p>Una nueva incidencia en Cercan\u00edas provoca demoras en las l\u00edneas de X\u00e0tiva y Gandia.<\/p>\n","protected":false},"author":1,"featured_media":2373,"comment_status":"open","ping_status":"open","sticky":false,"template":"","format":"standard","meta":{"footnotes":""},"categories":[1,6,3,27],"tags":[122],"class_list":["post-2388","post","type-post","status-publish","format-standard","has-post-thumbnail","hentry","category-actualidad","category-economia","category-politica","category-sociedad","tag-una-nueva-incidencia-en-cercanias-provoca-demoras-en-las-lineas-de-xativa-y-gandia"],"_links":{"self":[{"href":"https:\/\/infogandia.es\/index.php\/wp-json\/wp\/v2\/posts\/2388","targetHints":{"allow":["GET"]}}],"collection":[{"href":"https:\/\/infogandia.es\/index.php\/wp-json\/wp\/v2\/posts"}],"about":[{"href":"https:\/\/infogandia.es\/index.php\/wp-json\/wp\/v2\/types\/post"}],"author":[{"embeddable":true,"href":"https:\/\/infogandia.es\/index.php\/wp-json\/wp\/v2\/users\/1"}],"replies":[{"embeddable":true,"href":"https:\/\/infogandia.es\/index.php\/wp-json\/wp\/v2\/comments?post=2388"}],"version-history":[{"count":1,"href":"https:\/\/infogandia.es\/index.php\/wp-json\/wp\/v2\/posts\/2388\/revisions"}],"predecessor-version":[{"id":2389,"href":"https:\/\/infogandia.es\/index.php\/wp-json\/wp\/v2\/posts\/2388\/revisions\/2389"}],"wp:featuredmedia":[{"embeddable":true,"href":"https:\/\/infogandia.es\/index.php\/wp-json\/wp\/v2\/media\/2373"}],"wp:attachment":[{"href":"https:\/\/infogandia.es\/index.php\/wp-json\/wp\/v2\/media?parent=2388"}],"wp:term":[{"taxonomy":"category","embeddable":true,"href":"https:\/\/infogandia.es\/index.php\/wp-json\/wp\/v2\/categories?post=2388"},{"taxonomy":"post_tag","embeddable":true,"href":"https:\/\/infogandia.es\/index.php\/wp-json\/wp\/v2\/tags?post=2388"}],"curies":[{"name":"wp","href":"https:\/\/api.w.org\/{rel}","templated":true}]}}