{"id":2404,"date":"2024-01-11T17:43:27","date_gmt":"2024-01-11T17:43:27","guid":{"rendered":"https:\/\/infogandia.es\/?p=2404"},"modified":"2024-01-11T17:43:28","modified_gmt":"2024-01-11T17:43:28","slug":"daimuz-inicia-las-actividades-del-programa-de-envejecimiento-activo-y-saludable-del-cdr-la-safor","status":"publish","type":"post","link":"https:\/\/infogandia.es\/index.php\/2024\/01\/11\/daimuz-inicia-las-actividades-del-programa-de-envejecimiento-activo-y-saludable-del-cdr-la-safor\/","title":{"rendered":"Daimuz inicia las actividades del programa de Envejecimiento Activo y Saludable del CDR la Safor"},"content":{"rendered":"\n<p>La encargada de hacer este Taller, Maria, para las personas mayores de 60 a\u00f1os, lunes y mi\u00e9rcoles, a las 11:30 h, en el centro polivalente. Adem\u00e1s, Carol es quien dinamiza el Taller de la Memoria, martes y jueves, a las 16:30 h, tambi\u00e9n en el centro polivalente.<\/p>\n\n\n\n<p>El objetivo del programa es favorecer el envejecimiento de manera activa y saludable para mejorar las condiciones psicosociales y de calidad de vida de las personas mayores en el municipio de Daim\u00fas. Tambi\u00e9n, se quiere promover h\u00e1bitos y estilos saludables en esta etapa vital, y la estimulaci\u00f3n cognitiva. Uno de los puntos m\u00e1s importantes es la detecci\u00f3n de la soledad no deseada y proponer actividades para paliarla.<\/p>\n\n\n\n<p>Este programa est\u00e1 subvencionado por la Conseller\u00eda de Servicios Sociales y por los ayuntamientos de la comarca y ya llega a 11 municipios de la Safor: Simat de la Valldigna, Benifair\u00f3 de la Valldigna, Xeraco, Benirredr\u00e0, Bellreguard, Miramar, Beniarj\u00f3, Potries, R\u00f3tova, Villalonga&nbsp;y&nbsp;Daim\u00fas.<\/p>\n","protected":false},"excerpt":{"rendered":"<p>Daimuz inicia las actividades del programa de Envejecimiento Activo y Saludable del CDR la Safor.<\/p>\n","protected":false},"author":1,"featured_media":2398,"comment_status":"open","ping_status":"open","sticky":false,"template":"","format":"standard","meta":{"footnotes":""},"categories":[1,27],"tags":[],"class_list":["post-2404","post","type-post","status-publish","format-standard","has-post-thumbnail","hentry","category-actualidad","category-sociedad"],"_links":{"self":[{"href":"https:\/\/infogandia.es\/index.php\/wp-json\/wp\/v2\/posts\/2404","targetHints":{"allow":["GET"]}}],"collection":[{"href":"https:\/\/infogandia.es\/index.php\/wp-json\/wp\/v2\/posts"}],"about":[{"href":"https:\/\/infogandia.es\/index.php\/wp-json\/wp\/v2\/types\/post"}],"author":[{"embeddable":true,"href":"https:\/\/infogandia.es\/index.php\/wp-json\/wp\/v2\/users\/1"}],"replies":[{"embeddable":true,"href":"https:\/\/infogandia.es\/index.php\/wp-json\/wp\/v2\/comments?post=2404"}],"version-history":[{"count":1,"href":"https:\/\/infogandia.es\/index.php\/wp-json\/wp\/v2\/posts\/2404\/revisions"}],"predecessor-version":[{"id":2405,"href":"https:\/\/infogandia.es\/index.php\/wp-json\/wp\/v2\/posts\/2404\/revisions\/2405"}],"wp:featuredmedia":[{"embeddable":true,"href":"https:\/\/infogandia.es\/index.php\/wp-json\/wp\/v2\/media\/2398"}],"wp:attachment":[{"href":"https:\/\/infogandia.es\/index.php\/wp-json\/wp\/v2\/media?parent=2404"}],"wp:term":[{"taxonomy":"category","embeddable":true,"href":"https:\/\/infogandia.es\/index.php\/wp-json\/wp\/v2\/categories?post=2404"},{"taxonomy":"post_tag","embeddable":true,"href":"https:\/\/infogandia.es\/index.php\/wp-json\/wp\/v2\/tags?post=2404"}],"curies":[{"name":"wp","href":"https:\/\/api.w.org\/{rel}","templated":true}]}}