{"id":2408,"date":"2024-01-11T18:35:44","date_gmt":"2024-01-11T18:35:44","guid":{"rendered":"https:\/\/infogandia.es\/?p=2408"},"modified":"2024-01-11T18:35:44","modified_gmt":"2024-01-11T18:35:44","slug":"el-pp-doliva-denuncia-el-caos-ocasionat-pel-govern-pro-ucin-en-lescola-de-formacio-per-a-adults","status":"publish","type":"post","link":"https:\/\/infogandia.es\/index.php\/2024\/01\/11\/el-pp-doliva-denuncia-el-caos-ocasionat-pel-govern-pro-ucin-en-lescola-de-formacio-per-a-adults\/","title":{"rendered":"EL PP D\u2019OLIVA DENUNCIA EL CAOS OCASIONAT PEL GOVERN PRO-UCIN EN L\u2019ESCOLA DE FORMACI\u00d3 PER A ADULTS"},"content":{"rendered":"\n<p>El Grup Municipal del Partit Popular d\u2019Oliva denuncia el caos ocasionat pel govern de Pro-UCIN, a l\u2019inici de 2024, en el servici que presta el departament d\u2019Educaci\u00f3 per mig de l\u2019Escola de Formaci\u00f3 Per a Adults d\u2019Oliva (FPA\/EPA) com a conseq\u00fc\u00e8ncia de la falta de gesti\u00f3 i organitzaci\u00f3 del regidor d\u2019Educaci\u00f3, el senyor Mario Vidal.<br>Segons ha afirmat el portaveu del Grup Municipal del Partit Popular d\u2019Oliva, Germ\u00e1n Salazar, \u201cs\u00f3n en torn a dos-cents afectats els alumnes que estan sofrint grans mol\u00e8sties i malestar degut a que uns cursos han sigut cancel\u00b7lats i altres canviats d\u2019horari sense cap previsi\u00f3; alguns, incl\u00fas, incomprensiblement traslladats del mat\u00ed a la vesprada, amb els greus inconvenients que eixa situaci\u00f3 causa als alumnes que, d\u2019inici, s\u2019havien matriculat atenent a les hores que els convenia per q\u00fcestions laborals, familiars o distints compromisos, necessitats o responsabilitats\u201d.<br>Aix\u00ed, Germ\u00e1n Salazar, ha declarat que \u201cno \u00e9s decent que el senyor Vidal haja anat donant excuses distintes als afectats segons se li ocorrien; \u00e9s lamentable que haja arribat a afirmar a algunes persones que esta situaci\u00f3 s\u2019ha derivat degut a que la docent que deixava per comissi\u00f3 de servicis l\u2019EPA no havia comunicat la seua baixa fins el dos de gener, quan per registre d\u2019entrada l\u2019Ajuntament de Val\u00e8ncia ja havia comunicat este fet a l\u2019ajuntament d\u2019Oliva el 28 de noviembre de 2023, i la senyora alcaldesa, Yolanda Pastor, havia signat el 5 de desembre de 2023 l\u2019aprovaci\u00f3 de dita comissi\u00f3 de servicis, a m\u00e9s que la propia docent aixina ho havia comunicat en persona als responsables abans de l\u2019esmentat registre d\u2019entrada\u201d.<br>Aix\u00ed mateix, Salazar ha aclarit que \u201cen quant alguns afectats han rectificat al senyor Vidal en persona, \u00e9ste no ha tingut m\u00e9s remei que recon\u00e8ixer que s\u00ed era sabedor d\u2019eixa situaci\u00f3 amb temps\u201d, i \u00e9s que, continua Salazar, \u201cel regidor d\u2019Educaci\u00f3 ha tingut quaranta-dos dies per a assegurar-se de que el curs iniciara el 2024 sense incid\u00e8ncies, per\u00f2 ha preferit no moure\u2019s al respecte fins que la situaci\u00f3 li ha sobrevingut. Una mostra m\u00e9s de la manera de procedir d\u2019este govern d\u2019Oliva que ha conformat la senyora Yolanda Pastor\u201d.<br>El portaveu del Partit Popular ha recordat que \u201cno \u00e9s la primera volta que el govern de Pro-UCIN destaca per la falta d\u2019actuaci\u00f3 i actitud; sols hi ha que recordar la seua incapacitat per reivindicar les infrastructures i servicis que Oliva requerix abans de tancar la Generalitat els pressupostos per a 2024\u201d.<br>Per a acabar, Salazar ha assenyalat que \u201cesta situaci\u00f3 deriva de la baixa que una docent ha causat en concepte de comissi\u00f3 de servicis a un altre organisme fora de la ciutat d\u2019Oliva, baixa que perfectament havera pogut suplir personal<br>laboral ja disponible al propi departament d\u2019Educaci\u00f3, i amb experi\u00e8ncia docent a la pr\u00f2pia FPA, el qual es troba duguent a cap altres llavors distintes a les de docencia, i que podria efectuar vista la necessitat que tenen les en torn a dos-centes persones afectades de la nostra ciutat per culpa de la falta de previsi\u00f3 i atenci\u00f3 del regidor Mario Vidal\u201d.<\/p>\n","protected":false},"excerpt":{"rendered":"<p>EL PP D\u2019OLIVA DENUNCIA EL CAOS OCASIONAT PEL GOVERN PRO-UCIN EN L\u2019ESCOLA DE FORMACI\u00d3 PER A ADULTS<\/p>\n","protected":false},"author":1,"featured_media":2409,"comment_status":"open","ping_status":"open","sticky":false,"template":"","format":"standard","meta":{"footnotes":""},"categories":[1,27],"tags":[],"class_list":["post-2408","post","type-post","status-publish","format-standard","has-post-thumbnail","hentry","category-actualidad","category-sociedad"],"_links":{"self":[{"href":"https:\/\/infogandia.es\/index.php\/wp-json\/wp\/v2\/posts\/2408","targetHints":{"allow":["GET"]}}],"collection":[{"href":"https:\/\/infogandia.es\/index.php\/wp-json\/wp\/v2\/posts"}],"about":[{"href":"https:\/\/infogandia.es\/index.php\/wp-json\/wp\/v2\/types\/post"}],"author":[{"embeddable":true,"href":"https:\/\/infogandia.es\/index.php\/wp-json\/wp\/v2\/users\/1"}],"replies":[{"embeddable":true,"href":"https:\/\/infogandia.es\/index.php\/wp-json\/wp\/v2\/comments?post=2408"}],"version-history":[{"count":1,"href":"https:\/\/infogandia.es\/index.php\/wp-json\/wp\/v2\/posts\/2408\/revisions"}],"predecessor-version":[{"id":2410,"href":"https:\/\/infogandia.es\/index.php\/wp-json\/wp\/v2\/posts\/2408\/revisions\/2410"}],"wp:featuredmedia":[{"embeddable":true,"href":"https:\/\/infogandia.es\/index.php\/wp-json\/wp\/v2\/media\/2409"}],"wp:attachment":[{"href":"https:\/\/infogandia.es\/index.php\/wp-json\/wp\/v2\/media?parent=2408"}],"wp:term":[{"taxonomy":"category","embeddable":true,"href":"https:\/\/infogandia.es\/index.php\/wp-json\/wp\/v2\/categories?post=2408"},{"taxonomy":"post_tag","embeddable":true,"href":"https:\/\/infogandia.es\/index.php\/wp-json\/wp\/v2\/tags?post=2408"}],"curies":[{"name":"wp","href":"https:\/\/api.w.org\/{rel}","templated":true}]}}