{"id":2422,"date":"2024-01-12T19:51:57","date_gmt":"2024-01-12T19:51:57","guid":{"rendered":"https:\/\/infogandia.es\/?p=2422"},"modified":"2024-01-12T19:51:57","modified_gmt":"2024-01-12T19:51:57","slug":"el-nuevo-espacio-sanitario-rois-de-corella-ya-tiene-fecha-de-apertura","status":"publish","type":"post","link":"https:\/\/infogandia.es\/index.php\/2024\/01\/12\/el-nuevo-espacio-sanitario-rois-de-corella-ya-tiene-fecha-de-apertura\/","title":{"rendered":"El nuevo espacio sanitario Ro\u00eds de Corella ya tiene fecha de apertura"},"content":{"rendered":"\n<p>El titular de Sanidad ha realizado estas declaraciones en el transcurso de la visita al hospital Francesc de Borja de Gandia, reuni\u00f3n que, seg\u00fan ha manifestado \u201che tenido con todos los departamentos de salud para aunar criterios, marcar estrategias y ofrecer unas directrices comunes, basadas en mejorar la eficacia y eficiencia de la sanidad p\u00fablica valenciana y, concretamente, del departamento de Gandia, tanto en el aspecto hospitalario como en Atenci\u00f3n Primaria y que quiero hacer peri\u00f3dicamente con todos los departamentos\u201d.El titular de Sanidad ha destacado que, \u201cel espacio sanitario Ro\u00eds de Corella es uno de los exponentes del caos en infraestructuras que heredamos del Bot\u00e0nic, pero ya est\u00e1 resuelto y dotado el mobiliario\u201d.G\u00f3mez ha destacado que se va a abrir este espacio \u201cpor inter\u00e9s p\u00fablico, m\u00e1s all\u00e1 de los tr\u00e1mites administrativos mal hechos y la mala gesti\u00f3n de la Administraci\u00f3n anterior, porque a m\u00ed lo que me preocupa es que los ciudadanos de Gandia tengan una asistencia sanitaria de calidad\u201d.Este centro consta de tres edificios: uno de ellos albergar\u00e1 el Centro de Salud P\u00fablica de Gandia (actualmente en la calle Duque Carlos de Borja), que ser\u00e1 el primero en trasladarse al nuevo espacio; un \u00e1rea de Rehabilitaci\u00f3n y Salud Mental a nivel ambulatorio, que ser\u00e1 el siguiente en realizar el traslado; y el propio centro sanitario integrado con atenci\u00f3n continuada, que finalizar\u00e1 el traslado.Este nuevo espacio tambi\u00e9n dispone de parking subterr\u00e1neo, que consta de 150 plazas para trabajadores del centro.Por otra parte, el conseller de Sanidad ha recordado que, tal y como recoge el Plan de Salud Mental de la Comunitat Valenciana, \u201cvamos a mantener el principio b\u00e1sico de prevenci\u00f3n y de equidad en todo el territorio de la Comunitat Valenciana como elemento esencial en la estrategia de salud mental\u201d.Asimismo, ha indicado que Gandia \u201ccontar\u00e1 con un hospital de d\u00eda infantojuvenil, al igual que el resto de departamentos de salud. Adem\u00e1s, este municipio albergar\u00e1 un hospital de d\u00eda de adultos\u201d, ha destacado Marciano G\u00f3mez.Con los hospitales de d\u00eda para la infancia y la adolescencia se asegura la disponibilidad de plazas en todos los departamentos de salud, con una ratio superior a 60 plazas por cada 100.000 habitantes menores de 18 a\u00f1os.Por su parte, los hospitales de d\u00eda para adultos ofrecen atenci\u00f3n a los trastornos psic\u00f3ticos, de la personalidad y de la conducta alimentaria y aseguran una ratio m\u00ednima de 15 plazas por cada 100.000 habitantes mayores de 17 a\u00f1os.Adem\u00e1s, actualmente, se est\u00e1n realizando las obras de adecuaci\u00f3n del d\u00e9cimo quir\u00f3fano del hospital y se est\u00e1 trabajando en la puesta en marcha del acelerador lineal, que permitir\u00e1 realizar los tratamientos de radioterapia a pacientes oncol\u00f3gicos y evitar su desplazamiento a hospitales de Valencia. En estos momentos, el acelerador lineal est\u00e1 en el proceso requerido de calibraci\u00f3n y medici\u00f3n por parte de los t\u00e9cnicos, por lo que est\u00e1 prevista su puesta en marcha al inicio del verano.Por \u00faltimo, el conseller tambi\u00e9n ha presentado al nuevo equipo directivo del departamento de salud de Gandia, que est\u00e1 integrado por el gerente, Pedro Roll\u00e1n; el director m\u00e9dico del hospital, Juan Bautista Montagud; el director econ\u00f3mico, Antonio Luj\u00e1n, el director m\u00e9dico de Atenci\u00f3n Primaria, Alfredo Font, la directora de enfermer\u00eda de Atenci\u00f3n Primaria, Cristina Altur; el director de enfermer\u00eda del hospital, Iv\u00e1n Garc\u00eda; el subdirector m\u00e9dico del hospital, Tom\u00e1s Fuster; y la subdirectora de enfermer\u00eda del hospital, Ana Palau.<\/p>\n","protected":false},"excerpt":{"rendered":"<p>El nuevo espacio sanitario Ro\u00eds de Corella ya tiene fecha de apertura.<\/p>\n","protected":false},"author":1,"featured_media":2413,"comment_status":"open","ping_status":"open","sticky":false,"template":"","format":"standard","meta":{"footnotes":""},"categories":[1,2],"tags":[],"class_list":["post-2422","post","type-post","status-publish","format-standard","has-post-thumbnail","hentry","category-actualidad","category-salud"],"_links":{"self":[{"href":"https:\/\/infogandia.es\/index.php\/wp-json\/wp\/v2\/posts\/2422","targetHints":{"allow":["GET"]}}],"collection":[{"href":"https:\/\/infogandia.es\/index.php\/wp-json\/wp\/v2\/posts"}],"about":[{"href":"https:\/\/infogandia.es\/index.php\/wp-json\/wp\/v2\/types\/post"}],"author":[{"embeddable":true,"href":"https:\/\/infogandia.es\/index.php\/wp-json\/wp\/v2\/users\/1"}],"replies":[{"embeddable":true,"href":"https:\/\/infogandia.es\/index.php\/wp-json\/wp\/v2\/comments?post=2422"}],"version-history":[{"count":1,"href":"https:\/\/infogandia.es\/index.php\/wp-json\/wp\/v2\/posts\/2422\/revisions"}],"predecessor-version":[{"id":2423,"href":"https:\/\/infogandia.es\/index.php\/wp-json\/wp\/v2\/posts\/2422\/revisions\/2423"}],"wp:featuredmedia":[{"embeddable":true,"href":"https:\/\/infogandia.es\/index.php\/wp-json\/wp\/v2\/media\/2413"}],"wp:attachment":[{"href":"https:\/\/infogandia.es\/index.php\/wp-json\/wp\/v2\/media?parent=2422"}],"wp:term":[{"taxonomy":"category","embeddable":true,"href":"https:\/\/infogandia.es\/index.php\/wp-json\/wp\/v2\/categories?post=2422"},{"taxonomy":"post_tag","embeddable":true,"href":"https:\/\/infogandia.es\/index.php\/wp-json\/wp\/v2\/tags?post=2422"}],"curies":[{"name":"wp","href":"https:\/\/api.w.org\/{rel}","templated":true}]}}