{"id":2501,"date":"2024-01-17T16:09:25","date_gmt":"2024-01-17T16:09:25","guid":{"rendered":"https:\/\/infogandia.es\/?p=2501"},"modified":"2024-01-17T16:09:25","modified_gmt":"2024-01-17T16:09:25","slug":"gandia-y-la-diputacion-de-valencia-ultiman-la-prolongacion-de-la-carretera-nazaret-oliva","status":"publish","type":"post","link":"https:\/\/infogandia.es\/index.php\/2024\/01\/17\/gandia-y-la-diputacion-de-valencia-ultiman-la-prolongacion-de-la-carretera-nazaret-oliva\/","title":{"rendered":"Gandia y la Diputaci\u00f3n de Valencia ultiman la prolongaci\u00f3n de la carretera Nazaret-Oliva"},"content":{"rendered":"\n<p>El alcalde de Gand\u00eda, Jos\u00e9 Manuel Prieto y el concejal delegado de Urbanismo y Diputado Provincial, Vicent Mascarell, mantuvieron esta ma\u00f1ana una reuni\u00f3n en el \u00e1rea de Carreteras de la Diputaci\u00f3n de Valencia, donde estuvieron presentes la diputada Reme Mazzolari, as\u00ed como a t\u00e9cnicos del Ayuntamiento de Gandia y del \u00e1rea de Carreteras de la instituci\u00f3n provincial.<br>En este encuentro se ha ratificado el acuerdo del proyecto que naci\u00f3 la pasada legislatura y que permitir\u00e1 la prolongaci\u00f3n de la carretera Nazaret-Oliva. Esta nueva infraestructura viaria tendr\u00e1 unos 450 metros de longitud y 12 metros de anchura y transcurrir\u00e1 entre la rotonda actual situada al final de la calle Degans y una nueva redonda que se ubicar\u00e1 sobre el camino Vell del Grau o camino Fons.<\/p>\n\n\n\n<p>Tras el encuentro, el alcalde de Gand\u00eda, Jos\u00e9 Manuel Prieto, mostr\u00f3 su &#8220;satisfacci\u00f3n por el impulso definitivo a este proyecto que el vecindario del Grao y de la zona del Molino de Santa Mar\u00eda reclamaba desde hace mucho tiempo . Supone la mejora de la conectividad y la accesibilidad de este entorno a la vez que se incrementa la seguridad tanto de los peatones como de los veh\u00edculos y evita la circulaci\u00f3n del tr\u00e1fico pesado por la zona&#8221;.<\/p>\n\n\n\n<p>Por su parte, la diputada de Carreteras, Reme Mazzolari destac\u00f3 el papel del consistorio en esta infraestructura, ya que el ayuntamiento sufrag\u00f3 el proyecto constructivo y afrontar\u00e1 el coste de las expropiaciones antes de empezar las obras. &#8220;Una vez se culminan estos pasos previos, desde el \u00e1rea de Carreteras procederemos a ejecutar la obra de acuerdo con el proyecto aprobado, y cederemos la titularidad de la v\u00eda al ayuntamiento de Gandia&#8221;. &#8220;Es un claro ejemplo de colaboraci\u00f3n entre instituciones, porque la ciudadan\u00eda no entiende de competencias y lo que pide son soluciones a sus problemas&#8221;, ha concluido.<\/p>\n\n\n\n<p>Caracter\u00edsticas de la actuaci\u00f3n<br>La ejecuci\u00f3n del nuevo tramo permitir\u00e1 la prolongaci\u00f3n de la CV-605 a su paso por la calle Degans hasta la calle Mol\u00ed de Santa Maria, evitando el paso de veh\u00edculos pesados \u200b\u200bpor los viales urbanos del municipio, cuyo uso es principalmente residencial y rural.<br>La intervenci\u00f3n prev\u00e9 la construcci\u00f3n de una glorieta de 55 metros de di\u00e1metro exterior en la calle Mol\u00ed de Santa Maria, cuya secci\u00f3n transversal contar\u00e1 con una zona ajardinada de 14 metros de radio.<br>Esta glorieta ser\u00e1 el punto de inicio de un tramo de nuevo trazado de 355 metros de longitud con una calzada por cada sentido separadas por una media ajardinada. Asimismo, la infraestructura dispondr\u00e1 de un carril bici y una acera peatonal.<\/p>\n","protected":false},"excerpt":{"rendered":"<p>Gandia y la Diputaci\u00f3n de Valencia ultiman la prolongaci\u00f3n de la carretera Nazaret-Oliva<\/p>\n","protected":false},"author":1,"featured_media":2502,"comment_status":"open","ping_status":"open","sticky":false,"template":"","format":"standard","meta":{"footnotes":""},"categories":[1,3,27],"tags":[],"class_list":["post-2501","post","type-post","status-publish","format-standard","has-post-thumbnail","hentry","category-actualidad","category-politica","category-sociedad"],"_links":{"self":[{"href":"https:\/\/infogandia.es\/index.php\/wp-json\/wp\/v2\/posts\/2501","targetHints":{"allow":["GET"]}}],"collection":[{"href":"https:\/\/infogandia.es\/index.php\/wp-json\/wp\/v2\/posts"}],"about":[{"href":"https:\/\/infogandia.es\/index.php\/wp-json\/wp\/v2\/types\/post"}],"author":[{"embeddable":true,"href":"https:\/\/infogandia.es\/index.php\/wp-json\/wp\/v2\/users\/1"}],"replies":[{"embeddable":true,"href":"https:\/\/infogandia.es\/index.php\/wp-json\/wp\/v2\/comments?post=2501"}],"version-history":[{"count":1,"href":"https:\/\/infogandia.es\/index.php\/wp-json\/wp\/v2\/posts\/2501\/revisions"}],"predecessor-version":[{"id":2503,"href":"https:\/\/infogandia.es\/index.php\/wp-json\/wp\/v2\/posts\/2501\/revisions\/2503"}],"wp:featuredmedia":[{"embeddable":true,"href":"https:\/\/infogandia.es\/index.php\/wp-json\/wp\/v2\/media\/2502"}],"wp:attachment":[{"href":"https:\/\/infogandia.es\/index.php\/wp-json\/wp\/v2\/media?parent=2501"}],"wp:term":[{"taxonomy":"category","embeddable":true,"href":"https:\/\/infogandia.es\/index.php\/wp-json\/wp\/v2\/categories?post=2501"},{"taxonomy":"post_tag","embeddable":true,"href":"https:\/\/infogandia.es\/index.php\/wp-json\/wp\/v2\/tags?post=2501"}],"curies":[{"name":"wp","href":"https:\/\/api.w.org\/{rel}","templated":true}]}}